{"id":1077,"date":"2017-08-29T12:37:31","date_gmt":"2017-08-29T12:37:31","guid":{"rendered":""},"modified":"-0001-11-30T00:00:00","modified_gmt":"-0001-11-29T22:00:00","slug":"","status":"publish","type":"post","link":"http:\/\/www.chapelle-crecy.com\/?p=1077","title":{"rendered":"L&rsquo;edito du P\u00e8re Thierry Leroy"},"content":{"rendered":"<div align=\"justify\">Avec les saints, nous pouvons emprunter un bel itin\u00e9raire. Septembre est tendu vers les saints archanges, que nous f\u00eaterons le 29. Michel signifie \u00ab Qui est comme Dieu \u00bb, Rapha\u00f6l \u00ab Dieu gu\u00e9rit \u00bb et Gabriel, \u00ab Fort comme Dieu \u00bb. Ils contemplent sans cesse la Face de Dieu tout en \u00e9tant ses messagers aupr\u00e8s des hommes. Nous les croisons plusieurs fois dans la Bible. A la faveur des vacances, vous avez peut-\u00eatre vu la statue de saint Michel au sommet du Mont qui porte son nom : il terrasse le dragon et garantit la victoire sur toutes les formes du Mal. (C.f. la liturgie du jour).<br \/>\nMais revenons au 2 septembre:<\/div>\n<div align=\"justify\">le Dioc\u00e8se f\u00eate six pr\u00eatres victimes des violences<br \/>\nantireligieuses de septembre 1792, en pleine tourmente r\u00e9volutionnaire. C&rsquo;est la face<br \/>\nterrible et d\u00e9plorable de l&rsquo;humanit\u00e9, un drame que nous vivons encore de multiples<br \/>\nmani\u00e8res. Pour les pr\u00eatres dont nous parlons, l&rsquo;Eglise reconna \u00eet une face lumineuse : leur t\u00e9moignage (ce que signifie en grec le mot martyr). T\u00e9moignage de fid\u00e9lit\u00e9 que rejoignait le p\u00e8re Jacques Hamel l&rsquo;ann\u00e9e pass\u00e9e. La face lumineuse d&rsquo;une mort violente ouvre l&rsquo;Eglise \u00e0 la gloire de Dieu. Des saints martyrs aux saints archanges, quel arc tendu vers le ciel ! Comme notre vie. D&rsquo;autres saints jalonnent l&rsquo;itin\u00e9raire de ce mois. Ces grandes soeurs et ces grands fr\u00e8res viennent nous rappeler la sollicitude de Dieu. Un ap\u00f4tre, (St Matthieu), des saints pasteurs (Loup, Jean Chrysostome, Robert Bellarmin, Pio\u00e2\u20ac\u00a6), d&rsquo;autres martyrs, en Cor\u00e9e, des t\u00e9moins de la charit\u00e9 (T\u00e9r\u00e9sa de Calcutta, Jean Macias\u00e2\u20ac\u00a6), sans oublier l&rsquo;action de gr\u00e2ce pour la venue au monde de la Vierge Marie. Par leur vie et leur action, les saints sont des rep\u00e8res qui nous aident \u00e0 nous orienter. Ne consultez pas seulement le calendrier ou l&rsquo;\u00e9ph\u00e9m\u00e9ride du jour, mais votre revue ou votre missel pr\u00e9f\u00e9r\u00e9s ! Loin de vous distraire de votre vie quotidienne, les saints nous ram\u00e8nent \u00e0 l&rsquo;essentiel. Au fait, quel saint f\u00eatons-nous le dernier jour de ce mois ? Saint J\u00e9r\u00f4me, le traducteur de la Bible.<br \/>\n Bonne et belle rentr\u00e9e !<br \/>\n P\u00e8re Thierry Leroy<\/p>\n<div align=\"center\"><img decoding=\"async\" src=\"\/IMG\/jpg\/stfiacre.jpg\" width=450><\/div>\n<p> Retrouvez les horaires des messes sur le p\u00f4le de Meaux en cette rentr\u00e9e 2017, sur le tableau sept_2017.pdf ci-joint.<\/p>\n<\/div>\n","protected":false},"excerpt":{"rendered":"<p>Avec les saints, nous pouvons emprunter un bel itin\u00e9raire. Septembre est tendu vers les saints archanges, que nous f\u00eaterons le 29. Michel signifie \u00ab Qui est comme Dieu \u00bb, Rapha\u00f6l \u00ab Dieu gu\u00e9rit \u00bb&#46;&#46;&#46;<\/p>\n","protected":false},"author":2,"featured_media":0,"comment_status":"open","ping_status":"open","sticky":false,"template":"","format":"standard","meta":{"footnotes":""},"categories":[],"tags":[],"class_list":["post-1077","post","type-post","status-publish","format-standard","hentry"],"_links":{"self":[{"href":"http:\/\/www.chapelle-crecy.com\/index.php?rest_route=\/wp\/v2\/posts\/1077","targetHints":{"allow":["GET"]}}],"collection":[{"href":"http:\/\/www.chapelle-crecy.com\/index.php?rest_route=\/wp\/v2\/posts"}],"about":[{"href":"http:\/\/www.chapelle-crecy.com\/index.php?rest_route=\/wp\/v2\/types\/post"}],"author":[{"embeddable":true,"href":"http:\/\/www.chapelle-crecy.com\/index.php?rest_route=\/wp\/v2\/users\/2"}],"replies":[{"embeddable":true,"href":"http:\/\/www.chapelle-crecy.com\/index.php?rest_route=%2Fwp%2Fv2%2Fcomments&post=1077"}],"version-history":[{"count":0,"href":"http:\/\/www.chapelle-crecy.com\/index.php?rest_route=\/wp\/v2\/posts\/1077\/revisions"}],"wp:attachment":[{"href":"http:\/\/www.chapelle-crecy.com\/index.php?rest_route=%2Fwp%2Fv2%2Fmedia&parent=1077"}],"wp:term":[{"taxonomy":"category","embeddable":true,"href":"http:\/\/www.chapelle-crecy.com\/index.php?rest_route=%2Fwp%2Fv2%2Fcategories&post=1077"},{"taxonomy":"post_tag","embeddable":true,"href":"http:\/\/www.chapelle-crecy.com\/index.php?rest_route=%2Fwp%2Fv2%2Ftags&post=1077"}],"curies":[{"name":"wp","href":"https:\/\/api.w.org\/{rel}","templated":true}]}}