{"id":1079,"date":"2017-09-07T10:33:09","date_gmt":"2017-09-07T10:33:09","guid":{"rendered":""},"modified":"-0001-11-30T00:00:00","modified_gmt":"-0001-11-29T22:00:00","slug":"","status":"publish","type":"post","link":"http:\/\/www.chapelle-crecy.com\/?p=1079","title":{"rendered":"R\u00e9collection Esp\u00e9rance et Vie"},"content":{"rendered":"<div align=\"justify\">Veufs, veuves, vous \u00eates cordialement invit\u00e9s par \u00ab\u00a0Esp\u00e9rance et Vie\u00a0\u00bb (mouvement chr\u00e9tien des veuves et veufs) \u00e0\u00a0 sa r\u00e9collection annuelle, le lundi 16 octobre 2017 \u00e0\u00a0 la cit\u00e9 paroissiale de Melun, salle F, de 10h \u00e0\u00a0 16h, 49 rue du G\u00e9n\u00e9ral de Gaulle, entr\u00e9e parking au 16, rue du Pr\u00e9sident Despatys, faites du covoiturage !<\/p>\n<p>Th\u00e8me: Avance dans la confiance avec l&rsquo;intervention de Madame Isabelle Rochette de Lempdes, auteur du livre \u00ab\u00a0Tu as chang\u00e9 mon deuil en all\u00e9gresse !\u00a0\u00bb<br \/>\n&#8211; Messe, repas tir\u00e9 du sac<br \/>\n&#8211; Participation: 10 euros<br \/>\n&#8211; Il n&rsquo;est pas n\u00e9cessaire de faire partie du mouvement \u00ab\u00a0Esp\u00e9rance et Vie\u00a0\u00bb pour y participer. N&rsquo;h\u00e9sitez pas \u00e0\u00a0 partager cette invitation \u00e0\u00a0 toutes les personnes dans notre situation.<\/p>\n<p>Contacts:<br \/>\n&#8211; P\u00f4le de Melun: Annie Danguy 06 87 67 47 39<br \/>\n&#8211; P\u00f4le de Fontainebleau: Anne-Marie Bonamy 01 64 45 93 74<br \/>\n&#8211; P\u00f4le de Brie S\u00e9nart: Claudine Bourgois 06 25 46 76 54<br \/>\n&#8211; P\u00f4le de Bussy-Lagny: Colette Orlandi 06 63 64 32 82\n<\/p><\/div>\n","protected":false},"excerpt":{"rendered":"<p>Veufs, veuves, vous \u00eates cordialement invit\u00e9s par \u00ab\u00a0Esp\u00e9rance et Vie\u00a0\u00bb (mouvement chr\u00e9tien des veuves et veufs) \u00e0\u00a0 sa r\u00e9collection annuelle, le lundi 16 octobre 2017 \u00e0\u00a0 la cit\u00e9 paroissiale de Melun, salle F, de&#46;&#46;&#46;<\/p>\n","protected":false},"author":2,"featured_media":0,"comment_status":"open","ping_status":"open","sticky":false,"template":"","format":"standard","meta":{"footnotes":""},"categories":[],"tags":[],"class_list":["post-1079","post","type-post","status-publish","format-standard","hentry"],"_links":{"self":[{"href":"http:\/\/www.chapelle-crecy.com\/index.php?rest_route=\/wp\/v2\/posts\/1079","targetHints":{"allow":["GET"]}}],"collection":[{"href":"http:\/\/www.chapelle-crecy.com\/index.php?rest_route=\/wp\/v2\/posts"}],"about":[{"href":"http:\/\/www.chapelle-crecy.com\/index.php?rest_route=\/wp\/v2\/types\/post"}],"author":[{"embeddable":true,"href":"http:\/\/www.chapelle-crecy.com\/index.php?rest_route=\/wp\/v2\/users\/2"}],"replies":[{"embeddable":true,"href":"http:\/\/www.chapelle-crecy.com\/index.php?rest_route=%2Fwp%2Fv2%2Fcomments&post=1079"}],"version-history":[{"count":0,"href":"http:\/\/www.chapelle-crecy.com\/index.php?rest_route=\/wp\/v2\/posts\/1079\/revisions"}],"wp:attachment":[{"href":"http:\/\/www.chapelle-crecy.com\/index.php?rest_route=%2Fwp%2Fv2%2Fmedia&parent=1079"}],"wp:term":[{"taxonomy":"category","embeddable":true,"href":"http:\/\/www.chapelle-crecy.com\/index.php?rest_route=%2Fwp%2Fv2%2Fcategories&post=1079"},{"taxonomy":"post_tag","embeddable":true,"href":"http:\/\/www.chapelle-crecy.com\/index.php?rest_route=%2Fwp%2Fv2%2Ftags&post=1079"}],"curies":[{"name":"wp","href":"https:\/\/api.w.org\/{rel}","templated":true}]}}