{"id":108,"date":"2009-04-21T14:58:25","date_gmt":"2009-04-21T14:58:25","guid":{"rendered":""},"modified":"-0001-11-30T00:00:00","modified_gmt":"-0001-11-29T22:00:00","slug":"","status":"publish","type":"post","link":"http:\/\/www.chapelle-crecy.com\/?p=108","title":{"rendered":"Lourdes Cancer Esp\u00e9rance L.C.E. 77"},"content":{"rendered":"<table bgcolor =\"F0FAFF\" border=0>\n<tbody>\n<tr>\n<td>Le Maillon- 77 &#8211; Avril &#8211; Mai 2009 \u201c Message d&rsquo;amiti\u00e9 et d&rsquo;information du L.C.E.77<br \/>\nVous \u00eates cordialement convi\u00e9s \u00e0\u00a0 l&rsquo;une de nos prochaines r\u00e9unions L.C.E. 77 du printemps 2009 :<br \/>\n&#8211; Lundi 27 Avril 2009 \u00e0\u00a0 14H30 \u00e0\u00a0 Cr\u00e9cy-la-Chapelle 1, Place de l&rsquo;Eglise \u00e0\u00a0 la  Maison Paroissiale &#8211; Parking dans la cour.<br \/>\n&#8211; Lundi 4 Mai 2009 \u00e0\u00a0 14h30 \u00e0\u00a0 Fontainebleau 2, rue de la paroisse \u201c Salle B. Paroisse St-Louis \u201c Parking place du march\u00e9\n<\/td>\n<\/tr>\n<\/tbody>\n<\/table>\n<table bgcolor =\"F0FAFF\" border=0>\n<tbody>\n<tr>\n<td>\n<table bgcolor =\"D0FFD0\" border=1>\n<tbody>\n<tr>\n<td>\n<div align=\"justify\">\n<h4>\u00ab Le chemin de Bernadette \u00bb<\/h4>\n<p>Le prochain p\u00e8lerinage 2009  de L.C.E. \u00e0 Lourdes se tiendra du mardi 22 au samedi 26 septembre 2009. Il sera pr\u00e9sid\u00e9 par Mgr Boulanger, \u00e9v\u00eaque de S\u00e9es et sera anim\u00e9 par les fr\u00e8res Pradelles. <br \/>\nVoyage par train sp\u00e9cial Corail ParisLourdes.<\/div>\n<p>\nL.C.E.77 :<br \/>\n&#8211; Ren\u00e9e Gorret  9 rue Sino\u00ebl &#8211; 77580 Cr\u00e9cy-la-Chapelle Tel : 01.64.63.99.30.<br \/>\n&#8211; R.Bl. Merle 3 rue Victor Hugo &#8211; 77300 Fontainebleau Tel : 01.64.22.80.28<br \/> \n<\/td>\n<\/tr>\n<\/tbody>\n<\/table>\n<table bgcolor =\"F0FAFF\" border=0>\n<tbody>\n<tr>\n<td>\n<h4>L.C.E. 77  Lourdes Cancer Esp\u00e9rance<\/h4>\n<p><b>Historique de l&rsquo;Association L.C.E.<\/b><br \/>\n<\/p>\n<div align=\"justify\">Lourdes Cancer Esp\u00e9rance  a vu le jour le 8 d\u00e9cembre 1985.<br \/>\nJean Claude Bruel, fondateur, touch\u00e9 par un cancer du cervelet a regrett\u00e9 de ne pouvoir \u00e9chang\u00e9 sur sa foi lors de son s\u00e9jour \u00e0 l&rsquo;h\u00f4pital.<br \/>\nAyant surv\u00e9cu \u00e0 l&rsquo;\u00e9preuve, il a tout mis en oeuvre toute son \u00e9nergie \u00e0 lancer LCE. et il participe encore chaque ann\u00e9e.<br \/>\nIl a trouv\u00e9 une aide pr\u00e9cieuse aupr\u00e8s de ses amis de l&rsquo;Hospitalit\u00e9 dans laquelle il \u00e9tait engag\u00e9 depuis 1950, et aupr\u00e8s aussi de la Croix Rouge.<br \/>\nLa d\u00e9cision fut prise d&rsquo;organiser un premier p\u00e8lerinage. L&rsquo;aventure \u00e9tait lanc\u00e9e. 350 personnes concern\u00e9es par la maladie y particip\u00e8rent.<br \/>\nL&rsquo;association r\u00e9gie par la loi 1901 compte aujourd&rsquo;hui 7000 adh\u00e9rents.<\/p>\n<p><b>Le P\u00e8lerinage  : miracle du contact<\/b><br \/>\nLe p\u00e8lerinage de LCE. est baptis\u00e9 comme celui \u00ab du sourire \u00bb.<br \/>\nAu sein de l&rsquo;Association, les malades retrouvent courage et esp\u00e9rance   et, au quotidien, vivent une r\u00e9alit\u00e9 : \u00ab Ensemble on est plus forts \u00bb<br \/>\nT\u00e9moignage d&rsquo;une malade :<br \/>\n\u00ab Je viens \u00e0 Lourdes chaque ann\u00e9e pour prier et dire merci \u00e0 Marie pour ces \u00e9preuves que je n&rsquo;ai pas choisies, mais qui permettent d&rsquo;avancer dans l&rsquo;esp\u00e9rance. Mais pour cela, il faut pouvoir compter sur la pri\u00e8re  et la fraternit\u00e9 du groupe. \u00bb<\/p>\n<p><b>Le p\u00e8lerinage se vit dans  la pri\u00e8re et l&rsquo;amiti\u00e9.<\/b><br \/>\nPendant  cinq jours, tous les p\u00e8lerins vivent un temps privil\u00e9gi\u00e9 de<br \/>\npri\u00e8re, de rencontres et d&rsquo;\u00e9changes avec d&rsquo;autre personnes partageant les m\u00eames soucis face \u00e0 la maladie, ils repartent plus confiants et pleins d&rsquo;ardeur pour lutter contre le mal, gr\u00e2ce \u00e0 l&rsquo;\u00e9nergie puis\u00e9e dans le ressourcement spirituel et dans l&rsquo;amiti\u00e9\u00e2\u20ac\u00a6 <br \/>\nC&rsquo;est un temps fort charg\u00e9 d&rsquo;esp\u00e9rance !<br \/> \n<\/div>\n<\/td>\n<\/tr>\n<\/tbody>\n<\/table>\n<table bgcolor =\"D0FFD0\" border=1>\n<tbody>\n<tr>\n<td>\n<div align=\"justify\">\n<b>Chers amis de LCE.77.<\/b><\/p>\n<p>Nous esp\u00e9rons vivement vous rencontrer \u00e0 l&rsquo;une de nos prochaines  r\u00e9unions ouvertes \u00e0 tous, nous vous donnerons plus d&rsquo;infos pour notre prochain p\u00e8lerinage 2009 et vous pourrez vous y inscrire.<\/p>\n<p>N&rsquo;h\u00e9sitez pas \u00e0 faire conna \u00eetre notre mouvement et inviter des personnes int\u00e9ress\u00e9es. Bonne f\u00eate de P\u00e2ques dans la joie, et amiti\u00e9 fraternelle.<\/p>\n<p><i>Ren\u00e9e Gorret et Rose-Blanche Merle<\/i><br \/> \n<\/div>\n<\/td>\n<\/tr>\n<\/tbody>\n<\/table>\n<div align=\"center\"><img decoding=\"async\" src=\"http:\/\/www.chapelle-crecy.com\/IMG\/jpg\/lce_lourdes.jpg\" width=600><\/div>\n<\/td>\n<\/tr>\n<\/tbody>\n<\/table>\n","protected":false},"excerpt":{"rendered":"<p>Le Maillon- 77 &#8211; Avril &#8211; Mai 2009 \u201c Message d&rsquo;amiti\u00e9 et d&rsquo;information du L.C.E.77 Vous \u00eates cordialement convi\u00e9s \u00e0\u00a0 l&rsquo;une de nos prochaines r\u00e9unions L.C.E. 77 du printemps 2009 : &#8211; Lundi 27&#46;&#46;&#46;<\/p>\n","protected":false},"author":2,"featured_media":0,"comment_status":"open","ping_status":"open","sticky":false,"template":"","format":"standard","meta":{"footnotes":""},"categories":[],"tags":[],"class_list":["post-108","post","type-post","status-publish","format-standard","hentry"],"_links":{"self":[{"href":"http:\/\/www.chapelle-crecy.com\/index.php?rest_route=\/wp\/v2\/posts\/108","targetHints":{"allow":["GET"]}}],"collection":[{"href":"http:\/\/www.chapelle-crecy.com\/index.php?rest_route=\/wp\/v2\/posts"}],"about":[{"href":"http:\/\/www.chapelle-crecy.com\/index.php?rest_route=\/wp\/v2\/types\/post"}],"author":[{"embeddable":true,"href":"http:\/\/www.chapelle-crecy.com\/index.php?rest_route=\/wp\/v2\/users\/2"}],"replies":[{"embeddable":true,"href":"http:\/\/www.chapelle-crecy.com\/index.php?rest_route=%2Fwp%2Fv2%2Fcomments&post=108"}],"version-history":[{"count":0,"href":"http:\/\/www.chapelle-crecy.com\/index.php?rest_route=\/wp\/v2\/posts\/108\/revisions"}],"wp:attachment":[{"href":"http:\/\/www.chapelle-crecy.com\/index.php?rest_route=%2Fwp%2Fv2%2Fmedia&parent=108"}],"wp:term":[{"taxonomy":"category","embeddable":true,"href":"http:\/\/www.chapelle-crecy.com\/index.php?rest_route=%2Fwp%2Fv2%2Fcategories&post=108"},{"taxonomy":"post_tag","embeddable":true,"href":"http:\/\/www.chapelle-crecy.com\/index.php?rest_route=%2Fwp%2Fv2%2Ftags&post=108"}],"curies":[{"name":"wp","href":"https:\/\/api.w.org\/{rel}","templated":true}]}}