{"id":1080,"date":"2017-09-09T18:59:29","date_gmt":"2017-09-09T18:59:29","guid":{"rendered":""},"modified":"-0001-11-30T00:00:00","modified_gmt":"-0001-11-29T22:00:00","slug":"","status":"publish","type":"post","link":"http:\/\/www.chapelle-crecy.com\/?p=1080","title":{"rendered":"Annonces du 11 au 17 septembre 2017"},"content":{"rendered":"<div align=\"justify\">Voici les annonces de la semaine du lundi 11 au dimanche 17 septembre 2017 pour la paroisse des 3 clochers Cr\u00e9cy-la-Chapelle, Villiers-sur-Morin, Voulangis. <\/p>\n<p>Samedi 16 septembre \u00e0\u00a0 18 h 30, messe \u00e0\u00a0 Villiers, <br \/>\nDimanche 17 septembre \u00e0\u00a0 10 h 30, messe \u00e0\u00a0 la Coll\u00e9giale de Cr\u00e9cy-la-Chapelle. <\/p>\n<p>Tous les d\u00e9tails dans la suite &#8230;\n<\/p><\/div>\n<div align=\"center\">\n<table bgcolor =\"F0F0F6\" border=0>\n<tbody>\n<td><font color=\"0E0C40\"><\/p>\n<div align=\"center\"><img decoding=\"async\" src=\"\/IMG\/personnes\/jean_chrysostome.jpg\" width=200><br \/><i>St Jean Chrysostome<\/i><\/div>\n<p><\/font><\/td>\n<td ><font color=\"0E0C40\"><\/p>\n<div align=\"center\">\n<b>Lundi 11 septembre<\/b><br \/>\n17 h &#8211; Messe \u00e0 la maison de retraite. <\/p>\n<p><b>Mardi 12 septembre<\/b><br \/>\nPas de messe en paroisse.<\/p>\n<p><b>Mercredi 13 septembre<\/b><br \/>\n<i>St Jean Chrysostome<\/i><br \/>\n9 h &#8211; Messe \u00e0 Voulangis pour Janine LHARIDON et Bernard RICHARDI.<\/td>\n<\/tr>\n<\/tbody>\n<\/table>\n<table bgcolor =\"F0F6FA\" border=0>\n<tbody>\n<tr>\n<td><font color=\"AE0F40\"><\/p>\n<div align=\"center\">\n<b>Jeudi 14 septembre<\/b><br \/> <br \/>\n15 h &#8211; A Villiers, obs\u00e8ques de Mauricette CHAMPIN n\u00e9e MAILLARD.<br \/>\n18 h &#8211; Messe \u00e0 Voulangis pour Philipe CABARET et Patrick FARAOULT.<\/p>\n<p><b>Vendredi 15 septembre<\/b><br \/> <br \/>\n<i>Notre-Dame des douleurs<\/i><br \/>\n9 h &#8211; Messe \u00e0 Voulangis pour Enzo CARLI et Jean-Claude SIMON.\n<\/div>\n<p><\/font><\/td>\n<td><font color=\"AE0F40\"><\/p>\n<div align=\"center\"><img decoding=\"async\" src=\"\/IMG\/personnes\/notre_dame_des_douleurs.jpg\" width=200><br \/><i>Notre-Dame des douleurs<\/i><\/div>\n<p><\/font><\/td>\n<\/tr>\n<\/tbody>\n<\/table>\n<table bgcolor =\"FFF6F0\" border=0>\n<tbody>\n<tr>\n<td><font color=\"00CC00\"><\/p>\n<div align=\"center\"><img decoding=\"async\" src=\"\/IMG\/personnes\/corneille.jpg\" width=200><br \/><i>Saint Corneille<\/i>\n<\/div>\n<p><\/font><\/td>\n<td><font color=\"00CC00\"><\/p>\n<div align=\"center\">\n<b>Samedi 16 septembre<\/b><br \/>\n<i>St Corneille<\/i><br \/>\n16 h &#8211;  A la Coll\u00e9giale : Mariage de Caroline SEVIN et Alexandre OGEREAU.<br \/>\n18 h 30 &#8211; Messe\u00e0 Villiers pour Marc CALONNE, Alexandrine DIBON et Damiano  CAVALIERE.<\/p>\n<p><b>Dimanche 17 septembre<\/b><br \/>\n10 h 30 &#8211; Messe \u00e0 la Coll\u00e9giale pour Pierrette DE PENA, Patrick RIVALAN et Jos\u00e9 DA SILVA.<br \/>\nBapt\u00eame de Tony LOR.\n<\/div>\n<p><\/font><\/td>\n<\/tr>\n<\/tbody>\n<\/table>\n<\/div>\n","protected":false},"excerpt":{"rendered":"<p>Voici les annonces de la semaine du lundi 11 au dimanche 17 septembre 2017 pour la paroisse des 3 clochers Cr\u00e9cy-la-Chapelle, Villiers-sur-Morin, Voulangis. Samedi 16 septembre \u00e0\u00a0 18 h 30, messe \u00e0\u00a0 Villiers, Dimanche&#46;&#46;&#46;<\/p>\n","protected":false},"author":2,"featured_media":0,"comment_status":"open","ping_status":"open","sticky":false,"template":"","format":"standard","meta":{"footnotes":""},"categories":[],"tags":[],"class_list":["post-1080","post","type-post","status-publish","format-standard","hentry"],"_links":{"self":[{"href":"http:\/\/www.chapelle-crecy.com\/index.php?rest_route=\/wp\/v2\/posts\/1080","targetHints":{"allow":["GET"]}}],"collection":[{"href":"http:\/\/www.chapelle-crecy.com\/index.php?rest_route=\/wp\/v2\/posts"}],"about":[{"href":"http:\/\/www.chapelle-crecy.com\/index.php?rest_route=\/wp\/v2\/types\/post"}],"author":[{"embeddable":true,"href":"http:\/\/www.chapelle-crecy.com\/index.php?rest_route=\/wp\/v2\/users\/2"}],"replies":[{"embeddable":true,"href":"http:\/\/www.chapelle-crecy.com\/index.php?rest_route=%2Fwp%2Fv2%2Fcomments&post=1080"}],"version-history":[{"count":0,"href":"http:\/\/www.chapelle-crecy.com\/index.php?rest_route=\/wp\/v2\/posts\/1080\/revisions"}],"wp:attachment":[{"href":"http:\/\/www.chapelle-crecy.com\/index.php?rest_route=%2Fwp%2Fv2%2Fmedia&parent=1080"}],"wp:term":[{"taxonomy":"category","embeddable":true,"href":"http:\/\/www.chapelle-crecy.com\/index.php?rest_route=%2Fwp%2Fv2%2Fcategories&post=1080"},{"taxonomy":"post_tag","embeddable":true,"href":"http:\/\/www.chapelle-crecy.com\/index.php?rest_route=%2Fwp%2Fv2%2Ftags&post=1080"}],"curies":[{"name":"wp","href":"https:\/\/api.w.org\/{rel}","templated":true}]}}