{"id":1082,"date":"2017-09-23T09:06:44","date_gmt":"2017-09-23T09:06:44","guid":{"rendered":""},"modified":"-0001-11-30T00:00:00","modified_gmt":"-0001-11-29T22:00:00","slug":"","status":"publish","type":"post","link":"http:\/\/www.chapelle-crecy.com\/?p=1082","title":{"rendered":"Annonces du 25 sept. au 1er oct. 2017"},"content":{"rendered":"<div align=\"justify\">Voici les annonces de la semaine du lundi 25 au dimanche 1er octobre 2017 pour la paroisse des 3 clochers Cr\u00e9cy-la-Chapelle, Villiers-sur-Morin, Voulangis. <\/p>\n<p>Samedi 30  \u00e0\u00a0 18 h 30, messe \u00e0\u00a0 Voulangis, <br \/>\nDimanche 1er \u00e0\u00a0 9 h 45, messe \u00e0\u00a0 la coll\u00e9giale. <\/p>\n<p>Tous les d\u00e9tails dans la suite &#8230;\n<\/p><\/div>\n<div align=\"center\">\n<table bgcolor =\"F0F0F6\" border=0>\n<tbody>\n<td><font color=\"0E0C40\"><\/p>\n<div align=\"center\"><img decoding=\"async\" src=\"\/IMG\/personnes\/come-damien.jpg\" width=200><br \/><i>Saints Come et Damienl<\/i><\/div>\n<p><\/font><\/td>\n<td ><font color=\"0E0C40\"><\/p>\n<div align=\"center\">\n<b>Lundi 25 septembre<\/b><br \/>\n17 h &#8211; Messe \u00e0 la Maison de Retraite <br \/> <br \/>\n20 h 30 &#8211;  R\u00e9union de l&rsquo;Equipe d&rsquo;Animation Pastorale <\/p>\n<p><b>Mardi 26 septembre<\/b><br \/>\n<i> Sts Come et Damien<br \/><\/i><br \/>\n <br \/>18 h &#8211;  Messe \u00e0 Voulangis pour Jeannine HUVELIN, Bernard GOURBAUD  et Val\u00e9rie SCHULER.\n<\/td>\n<\/tr>\n<\/tbody>\n<\/table>\n<table bgcolor =\"F0F6FA\" border=0>\n<tbody>\n<tr>\n<td><font color=\"AE0F40\"><\/p>\n<div align=\"center\"><b>Mercredi 27 septembre<\/b><\/p>\n<p>Pas de messe en paroisse <\/p>\n<p><b>Jeudi 28 septembre<\/b><br \/> <br \/>\n<i>St Vincent de Paul<\/i><br \/>\n9 h &#8211; Messe \u00e0 Voulangis pour Mich\u00e8le HAESE, Jean-Pierre METHAIS et Marie-Louise POUTONNET.<\/div>\n<p><\/font><\/td>\n<td><font color=\"AE0F40\"><\/p>\n<div align=\"center\"><img decoding=\"async\" src=\"\/IMG\/personnes\/vincent_de_paul.jpg\" width=200><br \/><i>St Vincent de Paul<\/i><\/div>\n<p><\/font><\/td>\n<\/tr>\n<\/tbody>\n<\/table>\n<table bgcolor =\"FFF6F0\" border=0>\n<tbody>\n<tr>\n<td><font color=\"00CC00\"><\/p>\n<div align=\"center\"><img decoding=\"async\" src=\"\/IMG\/personnes\/michel.jpg\" width=200><br \/><i>Saint Michel<\/i>\n<\/div>\n<p><\/font><\/td>\n<td><font color=\"00CC00\"><\/p>\n<div align=\"center\">\n<b>Vendredi 29 septembre<\/b><br \/> <br \/>\n<i>Sts Michel, Gabriel et Rapha\u00ebl archanges<\/i><br \/>\n9 h &#8211; Messe \u00e0 Voulangis pour Gaby BEAUMONT et Julien MASSON.<\/p>\n<p>15 h 30 &#8211; Obs\u00e8ques de Bernadette POTRAWIAK n\u00e9e MATUCHET \u00e0 La Coll\u00e9giale.<\/p>\n<p> 20 h 30 &#8211;  R\u00e9union de l&rsquo;Equipe Liturgique.<\/p>\n<p><b>Samedi 30 septembre<\/b><br \/>\n<i>St J\u00e9rome<\/i> <br \/> <br \/>\n18 h 30 &#8211;  Messe \u00e0 Voulangis pour Rose-Marie DECOUTTERE, Jacques LAVILLAUDY et Mauricette CHAMPIN.<br \/>\nBapt\u00eame de Manon DARCHE, No\u00e9line CARON et Lilou JALET-PIRES.<\/p>\n<p><b>Dimanche 1er octobre<\/b><br \/> <br \/>\n<i>Ste Th\u00e9r\u00e8se de l&rsquo;Enfant J\u00e9sus<\/i><br \/>\n9 h 45 &#8211; Messe \u00e0 la Coll\u00e9giale  pour Sabine BATARD, Marie GALLOIS et Serge PHILIPPE.<br \/>\nSamedi 30 septembre et dimanche 1er octobre : Qu\u00eate sp\u00e9ciale pour les pr\u00eatres \u00e2g\u00e9s du dioc\u00e8se.<\/p>\n<\/div>\n<p><\/font><\/td>\n<\/tr>\n<\/tbody>\n<\/table>\n<\/div>\n","protected":false},"excerpt":{"rendered":"<p>Voici les annonces de la semaine du lundi 25 au dimanche 1er octobre 2017 pour la paroisse des 3 clochers Cr\u00e9cy-la-Chapelle, Villiers-sur-Morin, Voulangis. Samedi 30 \u00e0\u00a0 18 h 30, messe \u00e0\u00a0 Voulangis, Dimanche 1er&#46;&#46;&#46;<\/p>\n","protected":false},"author":2,"featured_media":0,"comment_status":"open","ping_status":"open","sticky":false,"template":"","format":"standard","meta":{"footnotes":""},"categories":[],"tags":[],"class_list":["post-1082","post","type-post","status-publish","format-standard","hentry"],"_links":{"self":[{"href":"http:\/\/www.chapelle-crecy.com\/index.php?rest_route=\/wp\/v2\/posts\/1082","targetHints":{"allow":["GET"]}}],"collection":[{"href":"http:\/\/www.chapelle-crecy.com\/index.php?rest_route=\/wp\/v2\/posts"}],"about":[{"href":"http:\/\/www.chapelle-crecy.com\/index.php?rest_route=\/wp\/v2\/types\/post"}],"author":[{"embeddable":true,"href":"http:\/\/www.chapelle-crecy.com\/index.php?rest_route=\/wp\/v2\/users\/2"}],"replies":[{"embeddable":true,"href":"http:\/\/www.chapelle-crecy.com\/index.php?rest_route=%2Fwp%2Fv2%2Fcomments&post=1082"}],"version-history":[{"count":0,"href":"http:\/\/www.chapelle-crecy.com\/index.php?rest_route=\/wp\/v2\/posts\/1082\/revisions"}],"wp:attachment":[{"href":"http:\/\/www.chapelle-crecy.com\/index.php?rest_route=%2Fwp%2Fv2%2Fmedia&parent=1082"}],"wp:term":[{"taxonomy":"category","embeddable":true,"href":"http:\/\/www.chapelle-crecy.com\/index.php?rest_route=%2Fwp%2Fv2%2Fcategories&post=1082"},{"taxonomy":"post_tag","embeddable":true,"href":"http:\/\/www.chapelle-crecy.com\/index.php?rest_route=%2Fwp%2Fv2%2Ftags&post=1082"}],"curies":[{"name":"wp","href":"https:\/\/api.w.org\/{rel}","templated":true}]}}