{"id":1083,"date":"2017-11-08T13:43:00","date_gmt":"2017-11-08T13:43:00","guid":{"rendered":""},"modified":"-0001-11-30T00:00:00","modified_gmt":"-0001-11-29T22:00:00","slug":"","status":"publish","type":"post","link":"http:\/\/www.chapelle-crecy.com\/?p=1083","title":{"rendered":"Un livre passionnant : les Actes des Ap\u00f4tres !"},"content":{"rendered":"<div align=\"justify\">Un livre de la Bible se d\u00e9vore comme un roman.<br \/>\n&#8211; Pierre et Paul : deux h\u00e9ros attachants.<br \/>\n&#8211; Les disciples missionnaires agissent, l&rsquo;Eglise se d\u00e9veloppe.<br \/>\n&#8211; Le vrai h\u00e9ros des Actes ? L&rsquo;Esprit-Saint.<br \/>\n&#8211; Nous continuons \u00e0\u00a0 en \u00e9crire les pages jusqu&rsquo;\u00e0\u00a0 la fin des temps.<\/p>\n<p>Un parcours biblique propos\u00e9 aux \u00ab d\u00e9butants \u00bb et aux<br \/>\n\u00ab habitu\u00e9s \u00bb, avec une p\u00e9dagogie adapt\u00e9e pour tous.<br \/>\nAvec 9 s\u00e9ances mensuelles d&rsquo;octobre \u00e0\u00a0 juin \u201c la fid\u00e9lit\u00e9 aux s\u00e9ances est requise.<br \/>\nLes s\u00e9ances ont lieu \u00e0\u00a0 Meaux. Selon vos possibilit\u00e9s en apr\u00e8s-midi ou en soir\u00e9e.<br \/>\nProchaine s\u00e9ance :<br \/>\njeudi 7 d\u00e9cembre de 20h \u00e0\u00a0 22h au centre paroissial saint Damien \u201c face au coll\u00e8ge<br \/>\nBeaumarchais \u00e0\u00a0 Beauval.<br \/>\nou<br \/>\nvendredi 8 d\u00e9cembre de 14h15 \u00e0\u00a0 16h15 au centre paroissial Sainte C\u00e9line \u201c rue de<br \/>\nl&rsquo;ancien Palais de Justice.\n<\/p><\/div>\n<div align=\"center\">\n<img decoding=\"async\" src=\"\/IMG\/jpg\/programme-luc.jpg\" width=550>\n<\/div>\n","protected":false},"excerpt":{"rendered":"<p>Un livre de la Bible se d\u00e9vore comme un roman. &#8211; Pierre et Paul : deux h\u00e9ros attachants. &#8211; Les disciples missionnaires agissent, l&rsquo;Eglise se d\u00e9veloppe. &#8211; Le vrai h\u00e9ros des Actes ? L&rsquo;Esprit-Saint.&#46;&#46;&#46;<\/p>\n","protected":false},"author":2,"featured_media":0,"comment_status":"open","ping_status":"open","sticky":false,"template":"","format":"standard","meta":{"footnotes":""},"categories":[],"tags":[],"class_list":["post-1083","post","type-post","status-publish","format-standard","hentry"],"_links":{"self":[{"href":"http:\/\/www.chapelle-crecy.com\/index.php?rest_route=\/wp\/v2\/posts\/1083","targetHints":{"allow":["GET"]}}],"collection":[{"href":"http:\/\/www.chapelle-crecy.com\/index.php?rest_route=\/wp\/v2\/posts"}],"about":[{"href":"http:\/\/www.chapelle-crecy.com\/index.php?rest_route=\/wp\/v2\/types\/post"}],"author":[{"embeddable":true,"href":"http:\/\/www.chapelle-crecy.com\/index.php?rest_route=\/wp\/v2\/users\/2"}],"replies":[{"embeddable":true,"href":"http:\/\/www.chapelle-crecy.com\/index.php?rest_route=%2Fwp%2Fv2%2Fcomments&post=1083"}],"version-history":[{"count":0,"href":"http:\/\/www.chapelle-crecy.com\/index.php?rest_route=\/wp\/v2\/posts\/1083\/revisions"}],"wp:attachment":[{"href":"http:\/\/www.chapelle-crecy.com\/index.php?rest_route=%2Fwp%2Fv2%2Fmedia&parent=1083"}],"wp:term":[{"taxonomy":"category","embeddable":true,"href":"http:\/\/www.chapelle-crecy.com\/index.php?rest_route=%2Fwp%2Fv2%2Fcategories&post=1083"},{"taxonomy":"post_tag","embeddable":true,"href":"http:\/\/www.chapelle-crecy.com\/index.php?rest_route=%2Fwp%2Fv2%2Ftags&post=1083"}],"curies":[{"name":"wp","href":"https:\/\/api.w.org\/{rel}","templated":true}]}}