{"id":1085,"date":"2017-10-02T16:13:49","date_gmt":"2017-10-02T16:13:49","guid":{"rendered":""},"modified":"-0001-11-30T00:00:00","modified_gmt":"-0001-11-29T22:00:00","slug":"","status":"publish","type":"post","link":"http:\/\/www.chapelle-crecy.com\/?p=1085","title":{"rendered":"Voulez-vous prier avec le Pape Fran\u00e7ois?"},"content":{"rendered":"<div align=\"justify\">J&rsquo;ai rencontr\u00e9 Fran\u00e7ois Vayne lors du jubil\u00e9 en 2008 \u00e0\u00a0 Lourdes. Directeur de la revue \u00ab\u00a0Lourdes Magazine\u00a0\u00bb \u00e0\u00a0 l&rsquo;\u00e9poque, et sympathisant de la presse paroissiale, au cours du temps, il est devenu mon ami. Aujourd&rsquo;hui, membre de l&rsquo;ordre des journalistes professionnels en Italie, Fran\u00e7ois Vayne vit et travaille \u00e0\u00a0 Rome. Auteur de nombreux livres dont \u00ab\u00a0Prier avec le Pape Fran\u00e7ois\u00a0\u00bb, je vous invite, gr ce \u00e0\u00a0 lui, \u00e0\u00a0 entrer en m\u00e9ditation, pendant 15 jours, avec le Saint P\u00e8re. Si vous voulez en savoir plus, notamment sur sa connaissance pointue de la vie de Bernadette et des apparitions de Lourdes, n&rsquo;h\u00e9sitez pas \u00e0\u00a0 visiter son magnifique blog : [http:\/\/francois-vayne.com->http:\/\/francois-vayne.com]<\/div>\n","protected":false},"excerpt":{"rendered":"<p>J&rsquo;ai rencontr\u00e9 Fran\u00e7ois Vayne lors du jubil\u00e9 en 2008 \u00e0\u00a0 Lourdes. Directeur de la revue \u00ab\u00a0Lourdes Magazine\u00a0\u00bb \u00e0\u00a0 l&rsquo;\u00e9poque, et sympathisant de la presse paroissiale, au cours du temps, il est devenu mon ami.&#46;&#46;&#46;<\/p>\n","protected":false},"author":2,"featured_media":0,"comment_status":"open","ping_status":"open","sticky":false,"template":"","format":"standard","meta":{"footnotes":""},"categories":[],"tags":[],"class_list":["post-1085","post","type-post","status-publish","format-standard","hentry"],"_links":{"self":[{"href":"http:\/\/www.chapelle-crecy.com\/index.php?rest_route=\/wp\/v2\/posts\/1085","targetHints":{"allow":["GET"]}}],"collection":[{"href":"http:\/\/www.chapelle-crecy.com\/index.php?rest_route=\/wp\/v2\/posts"}],"about":[{"href":"http:\/\/www.chapelle-crecy.com\/index.php?rest_route=\/wp\/v2\/types\/post"}],"author":[{"embeddable":true,"href":"http:\/\/www.chapelle-crecy.com\/index.php?rest_route=\/wp\/v2\/users\/2"}],"replies":[{"embeddable":true,"href":"http:\/\/www.chapelle-crecy.com\/index.php?rest_route=%2Fwp%2Fv2%2Fcomments&post=1085"}],"version-history":[{"count":0,"href":"http:\/\/www.chapelle-crecy.com\/index.php?rest_route=\/wp\/v2\/posts\/1085\/revisions"}],"wp:attachment":[{"href":"http:\/\/www.chapelle-crecy.com\/index.php?rest_route=%2Fwp%2Fv2%2Fmedia&parent=1085"}],"wp:term":[{"taxonomy":"category","embeddable":true,"href":"http:\/\/www.chapelle-crecy.com\/index.php?rest_route=%2Fwp%2Fv2%2Fcategories&post=1085"},{"taxonomy":"post_tag","embeddable":true,"href":"http:\/\/www.chapelle-crecy.com\/index.php?rest_route=%2Fwp%2Fv2%2Ftags&post=1085"}],"curies":[{"name":"wp","href":"https:\/\/api.w.org\/{rel}","templated":true}]}}