{"id":1086,"date":"2017-10-03T14:31:00","date_gmt":"2017-10-03T14:31:00","guid":{"rendered":""},"modified":"-0001-11-30T00:00:00","modified_gmt":"-0001-11-29T22:00:00","slug":"","status":"publish","type":"post","link":"http:\/\/www.chapelle-crecy.com\/?p=1086","title":{"rendered":"Remerciements de Sounds for Tana \u00e0\u00a0 la ville de Crecy-la-Chapelle"},"content":{"rendered":"<div align = \"justify\">Bonsoir<\/p>\n<p>Un grand merci \u00e0\u00a0 la paroisse de Cr\u00e9cy de nous permettre de jouer un concert de rock dans ce lieu magnifique. Je pense que chacun d&rsquo;entre nous est tr\u00e8s excit\u00e9 depuis plusieurs semaines de pouvoir se produire devant vous ce soir.<\/p>\n<p>\u00ab Sounds for Tana \u00bb : le nom de notre association signifie \u00ab Faire de la musique pour Tana \u00bb.<br \/>\nTana \u00e9tant le diminutif de Tananarive, la capitale de Madagascar, l&rsquo;un des pays les pauvres au monde.<br \/>\nJe lisais l&rsquo;autre jour que 10% de la population mondiale vivait avec moins de 2 dollars par jour. Et bien \u00e0\u00a0 Madagascar c&rsquo;est 90% qui vivent avec moins de 1,5 dollars par jour. Et parmi eux, il y a un peuple qui vit, survit, dans les d\u00e9charges.<br \/>\nIl y a plus de 25 ans maintenant, un homme, un pr\u00eatre missionnaire, a rencontr\u00e9 ce peuple des d\u00e9charges, et a mont\u00e9 une association pour leur venir en aide. Cet homme est Pedro Opeka. Et depuis 1989, ce sont un demi-million de malgaches, un demi-million, qui a \u00e9t\u00e9 pris en charge, de pr\u00e8s ou de loin, par son association Akamasoa.<\/p>\n<p>L&rsquo;id\u00e9e a \u00e9t\u00e9 de leur construire des villages, o\u00f9 ils pouvaient se loger, se nourrir, s&rsquo;\u00e9duquer.<br \/>\nLes premiers autour de Tana, et puis dans tout le pays&#8230; <\/p><\/div>\n<div align = \"justify\">\n Pedro avait une formation de ma\u00e7on, donc son id\u00e9e est partie de l\u00e0. Ils ont utilis\u00e9 une carri\u00e8re de pierre, construit leurs maisons, des villages propres, s\u00fbrs, o\u00f9 chacun peut vivre normalement.<\/p>\n<p> Et c&rsquo;est faire en sorte que tous les m\u00e9tiers puissent \u00eatre pr\u00e9sents dans ces villages, pour que chacun puisse travailler, \u00eatre soign\u00e9 et s&rsquo;instruire.<\/p>\n<p> Ce qu&rsquo;ils ont besoin, c&rsquo;est de l&rsquo;argent pour acheter des vivres, des m\u00e9dicaments, des mat\u00e9riaux.<br \/>\nIls n&rsquo;ont pas besoin de main d&rsquo;oeuvre, ils savent le faire.<\/p>\n<p> Et nous nous savons jouer de la musique, du rock, et nous les aidons en proposant des spectacles comme celui de ce soir.<\/p>\n<p>Nous allons jouer 4 tableaux, de 4 groupes que nous aimons, entrecoup\u00e9s de morceaux que Romaric a compos\u00e9s et sur lesquels nous avons utilis\u00e9 des textes de grands auteurs (Baudelaire, Henley).<\/p>\n<p> Avant de commencer je tenais une nouvelle fois \u00e0 remercier la paroisse, le P\u00e8re Aim\u00e9, Thierry Briane, Ren\u00e9e de Laubriere, ainsi que tous les paroissiens pour l&rsquo;effort de car\u00eame.<\/p>\n<p> Remercier la ville de Cr\u00e9cy et notamment, Michel Letissier.<\/p>\n<p> Et puis l&rsquo;association Ravinala qui nous suit depuis le printemps, et qui propose de l&rsquo;artisanat de l&rsquo;oc\u00e9an indien.<\/p>\n<p> Et l&rsquo;association Les Amis du P\u00e8re Pedro, qui est le relais du P\u00e8re Pedro en France, et dont la Pr\u00e9sidente, Marie Montfort est pr\u00e9sente ce soir.<\/p>\n<p> Tr\u00e8s bonne soir\u00e9e \u00e0 tous<\/p>\n<p> Damien Poirot<br \/>\nPr\u00e9sident de Sounds for Tana\n<\/p><\/div>\n<div align = \"center\">&#8212;&#8212;&#8212;&#8212;&#8211;<\/div>\n<p>Mot d&rsquo;accueil de Thierry Briane, pour l&rsquo;Equipe d&rsquo;Animation Pastorale<\/p>\n<div align = \"justify\">\n La communaut\u00e9 paroissiale des 3 Clochers est heureuse d&rsquo;accueillir en cette belle Coll\u00e9giale le groupe Sounds for Tana, dont deux des membres sont d\u00e9j\u00e0 connus par certains d&rsquo;entre vous, puisque B\u00e9rang\u00e8re et Romaric apportent leur talent au sein de notre paroisse. Mais ce soir, ils sont venus dans un autre contexte avec leurs amis pour vous offrir ce concert de soutien pour les plus d\u00e9munis de Madagascar. Je laisserai la parole \u00e0 Damien pour dire un mot sur l&rsquo;association pour laquelle le groupe agit. Quand Romaric nous a propos\u00e9 la tenue de ce concert, c&rsquo;est avec unanimit\u00e9 que l&rsquo;Equipe d&rsquo;Animation Pastorale avec le P\u00e8re Aim\u00e9 a donn\u00e9 son accord. C&rsquo;\u00e9tait une suite logique car cette ann\u00e9e, lors de l&rsquo;action communautaire de car\u00eame du secteur, c&rsquo;est leur association qui avait \u00e9t\u00e9 choisie pour \u00eatre b\u00e9n\u00e9ficiaire des dons des paroissiens. Les enfants cat\u00e9 avaient aussi particip\u00e9 avec leur cat\u00e9chiste \u00e0 confectionner des \u00e9l\u00e9ments, dont la vente a aussi permis \u00e0 grossir l&rsquo;enveloppe. Mais quoi de mieux pour d\u00e9couvrir Sounds for Tana et leur objectif qu&rsquo;un concert live.<\/p>\n<p> Je terminerai mon propos par un d\u00e9but de sketch de Chevallier et Laspalles, qui s&rsquo;intitulent \u00ab Les oeuvres humanitaires \u00bb. Leur recueil de sketches est sur mon chevet en ce moment et ce matin, je vous l&rsquo;assure, j&rsquo;ouvre le livre au marque page courant que j&rsquo;avais laiss\u00e9 et je tombe sur ce sketch. Un clin d&rsquo;oeil \u00e9vident pour moi que je veux vous faire partager, ceux qui me connaissent sachant que je n&rsquo;aime pas du tout humour !&#8230;<\/p>\n<p>-T&rsquo;as donn\u00e9, toi, pour la famine dans le tiers-monde ?<br \/>\n-Ecoute, avant-hier, je donne. Hier, j&rsquo;allume la t\u00e9l\u00e9, y&rsquo;en a encore qu&rsquo;avaient faim.<br \/>\n-E tu venais de donner.<br \/>\n-La veille au soir, j&rsquo;suis all\u00e9.<br \/>\n-Ben alors, \u00e7a sert \u00e0 rien.<br \/>\n-Ben non. \u00e7a sert \u00e0 rien.<\/p>\n<p> Vous pensez, vous, que cela ne sert \u00e0 rien. Bien \u00e9videmment non ! Parfois l&rsquo;humour est plus \u00e9clairant qu&rsquo;un long discours. C&rsquo;est un sketch d&rsquo;il y a plus de 25 ans et la mis\u00e8re est toujours l\u00e0. Mais c&rsquo;est parce qu&rsquo;elle est toujours l\u00e0 qu&rsquo;il faut continuer. Comme vous, membres de Sounds for Tana !<\/p><\/div>\n","protected":false},"excerpt":{"rendered":"<p>Bonsoir Un grand merci \u00e0\u00a0 la paroisse de Cr\u00e9cy de nous permettre de jouer un concert de rock dans ce lieu magnifique. Je pense que chacun d&rsquo;entre nous est tr\u00e8s excit\u00e9 depuis plusieurs semaines&#46;&#46;&#46;<\/p>\n","protected":false},"author":2,"featured_media":0,"comment_status":"open","ping_status":"open","sticky":false,"template":"","format":"standard","meta":{"footnotes":""},"categories":[],"tags":[],"class_list":["post-1086","post","type-post","status-publish","format-standard","hentry"],"_links":{"self":[{"href":"http:\/\/www.chapelle-crecy.com\/index.php?rest_route=\/wp\/v2\/posts\/1086","targetHints":{"allow":["GET"]}}],"collection":[{"href":"http:\/\/www.chapelle-crecy.com\/index.php?rest_route=\/wp\/v2\/posts"}],"about":[{"href":"http:\/\/www.chapelle-crecy.com\/index.php?rest_route=\/wp\/v2\/types\/post"}],"author":[{"embeddable":true,"href":"http:\/\/www.chapelle-crecy.com\/index.php?rest_route=\/wp\/v2\/users\/2"}],"replies":[{"embeddable":true,"href":"http:\/\/www.chapelle-crecy.com\/index.php?rest_route=%2Fwp%2Fv2%2Fcomments&post=1086"}],"version-history":[{"count":0,"href":"http:\/\/www.chapelle-crecy.com\/index.php?rest_route=\/wp\/v2\/posts\/1086\/revisions"}],"wp:attachment":[{"href":"http:\/\/www.chapelle-crecy.com\/index.php?rest_route=%2Fwp%2Fv2%2Fmedia&parent=1086"}],"wp:term":[{"taxonomy":"category","embeddable":true,"href":"http:\/\/www.chapelle-crecy.com\/index.php?rest_route=%2Fwp%2Fv2%2Fcategories&post=1086"},{"taxonomy":"post_tag","embeddable":true,"href":"http:\/\/www.chapelle-crecy.com\/index.php?rest_route=%2Fwp%2Fv2%2Ftags&post=1086"}],"curies":[{"name":"wp","href":"https:\/\/api.w.org\/{rel}","templated":true}]}}