{"id":1089,"date":"2017-10-07T15:23:24","date_gmt":"2017-10-07T15:23:24","guid":{"rendered":""},"modified":"-0001-11-30T00:00:00","modified_gmt":"-0001-11-29T22:00:00","slug":"","status":"publish","type":"post","link":"http:\/\/www.chapelle-crecy.com\/?p=1089","title":{"rendered":"Annonces du 9 au 15 oct. 2017"},"content":{"rendered":"<div align=\"justify\">Voici les annonces de la semaine du lundi 9 au dimanche 15 octobre 2017 pour la paroisse des 3 clochers Cr\u00e9cy-la-Chapelle, Villiers-sur-Morin, Voulangis. <\/p>\n<p>Samedi 14 \u00e0\u00a0 18 h 30, messe \u00e0\u00a0 Voulangis, <br \/>\nDimanche 15 \u00e0\u00a0 9 h 45, messe \u00e0\u00a0 la coll\u00e9giale. <\/p>\n<p>Tous les d\u00e9tails dans la suite &#8230;\n<\/p><\/div>\n<div align=\"center\">\n<table bgcolor =\"F0F0F6\" border=0>\n<tbody>\n<td><font color=\"0E0C40\"><\/p>\n<div align=\"center\"><img decoding=\"async\" src=\"\/IMG\/personnes\/denis.jpg\" width=200><br \/><i>Saint Denis<\/i><\/div>\n<p><\/font><\/td>\n<td ><font color=\"0E0C40\"><\/p>\n<div align=\"center\">\n<b>Lundi 9 octobre<\/b><br \/>\n<i>St Denis, premier Ev\u00eaque de Paris<\/i><br \/>\n17 h &#8211; Messe \u00e0 la Maison de Retraite.<\/p>\n<p><b>Mardi 10 octobre<\/b><\/p>\n<p>9 h &#8211; Messe \u00e0 Voulangis pour Marianne BENVENUTI,  Frank DJOLO et Alexandrine DIBON\n<\/td>\n<\/tr>\n<\/tbody>\n<\/table>\n<p> <\/p>\n<table bgcolor =\"F0F6FA\" border=0>\n<tbody>\n<tr>\n<td><font color=\"AE0F40\"><\/p>\n<div align=\"center\"><b>Mercredi 11 octobre<\/b><br \/>\n<i>St Jean XXIII<\/i><\/p>\n<p>Pas de messe en paroisse <\/p>\n<p><b>Jeudi 12 octobre<\/b><br \/> <br \/>\n18 h &#8211; Messe \u00e0 Voulangis pour Yvette MARILLIER, Dominique BERGAMASHI  et Nadine FELIX.<\/div>\n<p><\/font><\/td>\n<td><font color=\"AE0F40\"><\/p>\n<div align=\"center\"><img decoding=\"async\" src=\"\/IMG\/personnes\/jean_XXIII.jpg\" width=200><br \/><i>Saint Jean XXIII<\/i><\/div>\n<p><\/font><\/td>\n<\/tr>\n<\/tbody>\n<\/table>\n<p> <\/p>\n<table bgcolor =\"FFF6F0\" border=0>\n<tbody>\n<tr>\n<td><font color=\"00CC00\"><\/p>\n<div align=\"center\"><img decoding=\"async\" src=\"\/IMG\/personnes\/edouard.jpg\" width=250><br \/><i>Saint Edouard<\/i>\n<\/div>\n<p><\/font><\/td>\n<td><font color=\"00CC00\"><\/p>\n<div align=\"center\">\n<b>Vendredi 13 octobre<\/b><br \/> <br \/>\n<i>Saint Edouard<\/i><br \/>\n9 h &#8211; Messe \u00e0 Voulangis pour Raymonde et Jean LEROUX et Juliette et Raymond NOEL.<\/p>\n<p><b>Samedi 14 octobre<\/b><br \/>\n18 h 30 &#8211; Messe \u00e0 Voulangis  pour Marie-Louise ISAUTIER et Michel DEDIEU, Bapt\u00eame de Noah SOURDET-HACHLER.<\/p>\n<p><b>Dimanche 15 octobre<\/b><br \/> <br \/>\n9 h 45 &#8211; A  la Coll\u00e9giale , Messe participative avec les              enfants de la Cat\u00e9ch\u00e8se. Elle sera c\u00e9l\u00e9br\u00e9e pour Jean-Bernard BUISSET et Fran\u00e7ois de LAUBRIERE.<br \/>\nBapt\u00eame de Maximilien ROBERT.\n<\/div>\n<p><\/font><\/td>\n<\/tr>\n<\/tbody>\n<\/table>\n<\/div>\n","protected":false},"excerpt":{"rendered":"<p>Voici les annonces de la semaine du lundi 9 au dimanche 15 octobre 2017 pour la paroisse des 3 clochers Cr\u00e9cy-la-Chapelle, Villiers-sur-Morin, Voulangis. Samedi 14 \u00e0\u00a0 18 h 30, messe \u00e0\u00a0 Voulangis, Dimanche 15&#46;&#46;&#46;<\/p>\n","protected":false},"author":2,"featured_media":0,"comment_status":"open","ping_status":"open","sticky":false,"template":"","format":"standard","meta":{"footnotes":""},"categories":[],"tags":[],"class_list":["post-1089","post","type-post","status-publish","format-standard","hentry"],"_links":{"self":[{"href":"http:\/\/www.chapelle-crecy.com\/index.php?rest_route=\/wp\/v2\/posts\/1089","targetHints":{"allow":["GET"]}}],"collection":[{"href":"http:\/\/www.chapelle-crecy.com\/index.php?rest_route=\/wp\/v2\/posts"}],"about":[{"href":"http:\/\/www.chapelle-crecy.com\/index.php?rest_route=\/wp\/v2\/types\/post"}],"author":[{"embeddable":true,"href":"http:\/\/www.chapelle-crecy.com\/index.php?rest_route=\/wp\/v2\/users\/2"}],"replies":[{"embeddable":true,"href":"http:\/\/www.chapelle-crecy.com\/index.php?rest_route=%2Fwp%2Fv2%2Fcomments&post=1089"}],"version-history":[{"count":0,"href":"http:\/\/www.chapelle-crecy.com\/index.php?rest_route=\/wp\/v2\/posts\/1089\/revisions"}],"wp:attachment":[{"href":"http:\/\/www.chapelle-crecy.com\/index.php?rest_route=%2Fwp%2Fv2%2Fmedia&parent=1089"}],"wp:term":[{"taxonomy":"category","embeddable":true,"href":"http:\/\/www.chapelle-crecy.com\/index.php?rest_route=%2Fwp%2Fv2%2Fcategories&post=1089"},{"taxonomy":"post_tag","embeddable":true,"href":"http:\/\/www.chapelle-crecy.com\/index.php?rest_route=%2Fwp%2Fv2%2Ftags&post=1089"}],"curies":[{"name":"wp","href":"https:\/\/api.w.org\/{rel}","templated":true}]}}