{"id":1091,"date":"2017-10-24T14:57:58","date_gmt":"2017-10-24T14:57:58","guid":{"rendered":""},"modified":"-0001-11-30T00:00:00","modified_gmt":"-0001-11-29T22:00:00","slug":"","status":"publish","type":"post","link":"http:\/\/www.chapelle-crecy.com\/?p=1091","title":{"rendered":"L&rsquo;Echo de la Vall\u00e9e pr\u00e9sent au 70i\u00e8me anniversaire de l&rsquo;OTPP"},"content":{"rendered":"<div align=\"justify\">[L&rsquo;OTPP, l&rsquo;Office Technique de la Presse Paroissiale->http:\/\/www.otpp.org\/] est une association bas\u00e9e \u00e0\u00a0 Wambrechies (59) au service de la Presse Paroissiale. Elle a \u00e9t\u00e9 cr\u00e9\u00e9e en 1947 par le p\u00e8re Jean Tremeau, pr\u00eatre du dioc\u00e8se de Lille. Tout part pour lui d&rsquo;une intuition: un journal propos\u00e9 par la paroisse ne permettrait-il pas de dialoguer avec tous les habitants, qu&rsquo;ils soient proches ou plus \u00e9loign\u00e9s de l&rsquo;Eglise?<\/p>\n<div align=\"center\"><img decoding=\"async\" src=\"\/IMG\/jpg\/edv282.jpg\" width=450><\/div>\n<p>\nDepuis un peu plus d&rsquo;un an, le journal paroissial de l&rsquo;Echo de la Vall\u00e9e du secteur de Cr\u00e9cy-la-Chapelle a rejoint cette superbe association  g\u00e9e de 70 ans et \u00e0\u00a0 l&rsquo;exp\u00e9rience reconnue. L'[OTPP->http:\/\/www.otpp.org\/], c&rsquo;est donc cette grande famille qui accompagne les \u00e9quipes de r\u00e9daction locale de plus de 100 journaux paroissiaux des Hauts de France et de Seine-et-Marne et leurs \u00e9quipes de diffuseurs (ces b\u00e9n\u00e9voles qui vont donnent le journal de la main \u00e0\u00a0 la main). L'[OTPP->http:\/\/www.otpp.org\/] est anim\u00e9e, plus que jamais, de cette m\u00eame aspiration de f\u00e9d\u00e9rer tous les journaux paroissiaux membres afin de les aider dans leur mission pastorale. Mais concr\u00e8tement, que fait l'[OTPP->http:\/\/www.otpp.org\/]?<\/p>\n<div align=\"center\"><img decoding=\"async\" src=\"\/IMG\/jpg\/voixdunord.jpg\" width=550><\/div>\n<p>Retrouvez dans la suite de cette article, tout ce que vous devez savoir sur cette association de l&rsquo;OTPP et, en pi\u00e8ce jointe, l&rsquo;information de cet \u00e9v\u00e8nement des 70 ans qui est paru dans le journal de la Croix du Nord du 27 octobre 2017.\n<\/p><\/div>\n<div align=\"justify\">\nL'[OTPP->http:\/\/www.otpp.org\/] a donc pour vocation d&rsquo;aider et d&rsquo;encourager r\u00e9dacteurs et diffuseurs des journaux paroissiaux (une centaine d&rsquo;adh\u00e9rents r\u00e9partis sur la Normandie, les Hauts-de-France, le Grand-Est et la Seine-et-Marne) dans leur mission pastorale gr\u00e2ce \u00e0 de nombreux outils, disponibles tout au long de l&rsquo;ann\u00e9e: <\/p>\n<p>&#8211; Une journ\u00e9e de formation annuelle: ce grand rassemblement permet aux \u00e9quipes d&rsquo;\u00e9changer sur ce qui les anime, de partager techniques et astuces mais assi, de se former gr\u00e2ce \u00e0 la venue de grands t\u00e9moins issus du monde de la presse ou sp\u00e9cialistes sur un sujet d&rsquo;actualit\u00e9.<\/p>\n<p>&#8211; Un fonds commun et une revue nomm\u00e9e \u00ab\u00a0Pr\u00e9sence\u00a0\u00bb destin\u00e9e \u00e0 donner id\u00e9es et ressources aux r\u00e9dacteurs pour l&rsquo;\u00e9laboration de leurs journaux paroissiaux.<\/p>\n<p>&#8211; Des interventions de la permanente de l&rsquo;association, Clothilde Vasseur, \u00e0 la demande, aupr\u00e8s des diffuseurs de journaux paroissiaux pour encourager les \u00e9quipes.<\/p>\n<p> L'[OTPP->http:\/\/www.otpp.org\/] agit au sein d&rsquo;un r\u00e9seau plus large: la [FNPLC->http:\/\/www.fnplc.org\/] (F\u00e9d\u00e9ration Nationale de la Presse Locale Chr\u00e9tienne).<br \/>\n &#8212;&#8212;&#8212;&#8212;&#8212;&#8212;&#8212;&#8212;&#8212;&#8212;&#8212;&#8212;&#8212;&#8212;&#8212;&#8212;&#8212;&#8212;&#8212;&#8212;&#8212;&#8212;&#8212;&#8212;&#8212;&#8212;&#8212;&#8212;&#8212;&#8212;&#8212;&#8212;&#8212;&#8211;<br \/>\n T\u00e9moignage d&rsquo;Olinda, membre du Conseil d&rsquo;Administration de l&rsquo;OTPP<\/p>\n<p> Un anniversaire, c&rsquo;est l&rsquo;occasion de r\u00e9unir sa famille ses amis pour se retrouver et faire la f\u00eate, vivre ensemble des moments forts ! L&rsquo;Assembl\u00e9e G\u00e9n\u00e9rale de l&rsquo;OTPP a eu une saveur particuli\u00e8re cette ann\u00e9e, puisque elle a f\u00eat\u00e9 les 70 ans de l&rsquo;association.<br \/>\n Des r\u00e9dacteurs et diffuseurs de journaux paroissiaux du Nord de la France (Haute-Normandie, des Hauts de France, du Grand-Est, du Val d&rsquo;Oise ou de Seine-et-Marne) \u00e9taient convi\u00e9s. <\/p>\n<p> A anniversaire exceptionnel, site exceptionnel, le site minier de Wallers Arenberg.<br \/>\nDes moments festifs avec les chants du Nord interpr\u00e9t\u00e9s par deux chorales (Accroche Coeur de Wallers et les Cigales d&rsquo;Hornaing). <\/p>\n<div align=\"center\"><img decoding=\"async\" src=\"\/IMG\/jpg\/chorale.jpg\" width=450><\/div>\n<p><\/p>\n<p> Une visite de la mine au trois chevalements et aux d\u00e9cors ayant servi au tournage de Germinal, un repas ch&rsquo;ti.<br \/>\n De la r\u00e9flexion aussi sur le th\u00e8me, jeunes parents comment les rejoindre au travers de notre presse paroissiale avec un apr\u00e8s-midi d&rsquo;\u00e9change avec B\u00e9n\u00e9dicte Jeancourt-Galignani r\u00e9dactrice en chef de Pomme d&rsquo;api, filot\u00e9o !  et des ateliers.<\/p>\n<div align=\"center\"><img decoding=\"async\" src=\"\/IMG\/jpg\/beatrice.jpg\" width=450><\/div>\n<p><\/p>\n<p> Un magnifique anniversaire qui s&rsquo;est termin\u00e9 par l&rsquo;Eucharistie c\u00e9l\u00e9br\u00e9e par Monseigneur Fran\u00e7ois Garnier, Ev\u00e9que de Cambrai.<\/p>\n<div align=\"center\"><img decoding=\"async\" src=\"\/IMG\/jpg\/messe-otpp.jpg\" width=450><\/div>\n<p><\/p>\n<p> Deux jours de bonheurs, de joie, de partage. Des messages de remerciements qui font chaud au coeur.  Des messages qui nous confortent: \u00ab\u00a0Oui, la presse paroissiale est riche et n\u00e9cessaire\u00e2\u20ac\u00a6\u00a0\u00bb;\u00a0\u00bbOui, travailler ensemble pour annoncer la Bonne Nouvelle est essentiel\u00a0\u00bb \u00e2\u20ac\u00a6..<br \/>\n Merci beaucoup, J&rsquo;ai v\u00e9cu un formidable moment. Un t\u00e9moignage qui en rejoint beaucoup d&rsquo;autres !<\/p>\n<p> &#8212;&#8212;&#8212;&#8212;&#8212;&#8212;&#8212;&#8212;&#8212;&#8212;&#8212;&#8212;&#8212;&#8212;&#8212;&#8212;&#8212;&#8212;&#8212;&#8212;&#8212;&#8212;&#8212;&#8212;&#8212;&#8211;<br \/>\n T\u00e9moignage de Patrice<br \/>\n L&rsquo;OTPP F\u00c3\u0160TE SES 70 ANS<br \/>\n Ce mardi 11 octobre, nous \u00e9tions une bonne centaine de r\u00e9dacteurs, diffuseurs de journaux paroissiaux r\u00e9unis pour f\u00eater les 70 ans de l&rsquo;OTPP. <\/p>\n<div align=\"center\"><img decoding=\"async\" src=\"\/IMG\/jpg\/arenberg.jpg\" width=450><\/div>\n<p>\n C&rsquo;est \u00e0 ARENBERG que nous nous sommes retrouv\u00e9s\u00e2\u20ac\u00a6Arenberg ? C&rsquo;est o\u00f9 ?&#8230;c&rsquo;est dans le Nord. Peut-\u00eatre, s&rsquo;il y a des cyclistes parmi vous, ce nom \u00e9voquera-t-il le lieu mythique du passage du \u00ab Paris-Roubaix \u00bb, un lieu de souffrance et d&rsquo;endurance. Trois chevalets de la grande mine d&rsquo;Arenberg dominent ce lieu. 2000 mineurs y travaillaient jadis !<br \/>\n En bref, un rassemblement plac\u00e9 sous le signe de l&rsquo;effort. \u00ab  Nous le savons bien, nous qui sommes envoy\u00e9s aux hommes, \u00e0 tous les hommes, l\u00e0 o\u00f9 ils vivent.\u00bb et le p\u00e8re Xavier Bris, notre pr\u00e9sident, d&rsquo;ajouter : \u00ab 70 ans ! bonne mine et toujours f\u00e9cond. Si un vieux pommier ne donne pas de vielles pommes, nos journaux peuvent toujours donner des fruits, et des bons. \u00bb<br \/>\n A cette journ\u00e9e du 11 octobre, nous avions invit\u00e9 B\u00e9n\u00e9dicte Jeancourt-Galignani, r\u00e9dactrice en chef des magazines Pomme d&rsquo;Api soleil et Filoteo.<br \/>\nLe th\u00e8me de son intervention nous a particuli\u00e8rement int\u00e9ress\u00e9 :  \u00ab Jeunes parents comment les rejoindre dans nos journaux \u00bb. Vous trouverez ci-apr\u00e8s, quelques \u00e9l\u00e9ments de son intervention.<br \/>\nP.Tiberghien<\/p>\n<p> LES QUESTIONS QUE NOS ENFANTS NOUS POSENT !<br \/>\nCOMMENT, PARENTS, Y REPONDONS-NOUS ?<\/p>\n<p> Notre monde bouge. Elever nos enfants dans un tel bouleversement peut nous rendre anxieux. Mais comment y parvenir ?<\/p>\n<p>&#8211; En leur transmettant des valeurs humaines, comme le respect de soi et de l&rsquo;autre, en soulignant l&rsquo;aspect du respect de la diff\u00e9rence et du \u00ab vivre ensemble \u00bb, en leur apprenant \u00e0 pardonner et \u00e0 construire un monde plus juste.<br \/>\nLes questions qu&rsquo;ils se posent !<br \/>\nCes diff\u00e9rents objectifs que se posent les parents se heurtent, bien souvent, aux nombreuses questions existentielles que se pose le \u00ab jeune \u00bb au cours de ses ann\u00e9es de \u00abmurissement\u00bb.<br \/>\n Il y a les questions sur Dieu ; Existe-t-il ? oui,\u00e2\u20ac\u00a6peut-\u00eatre\u00e2\u20ac\u00a6je n&rsquo;y crois pas (ou ne veux pas) ! S&rsquo;il existe, pourquoi n&rsquo;arr\u00eate-t-il pas la guerre ?<br \/>\n Et la mort ? O\u00f9 va-t-on apr\u00e8s la mort ?<br \/>\nNous sommes parfois bien embarrass\u00e9s devant de telles questions, qui sont, il faut l&rsquo;avouer, complexes et multiples. Parfois nous \u00e9luderons la r\u00e9ponse par : \u00ab je te r\u00e9pondrai plus tard \u00bb, parce que, soit on n&rsquo;a pas le temps, soit on ne sait pas trop quoi r\u00e9pondre<br \/>\n Quelles valeurs transmettre ?<br \/>\n Transmettre des valeurs \u00e0 nos enfants, ce n&rsquo;est pas se laisser enfermer dans un dogme. Ainsi certains parents se retrouvent dans l&rsquo;\u00e9glise pour faire baptiser leur enfant et f\u00eater l&rsquo;\u00e9v\u00e9nement en famille\u00e2\u20ac\u00a6.mais eux-m\u00eames ne pratiquent plus; Ils laissent leur enfant aller au cat\u00e9chisme et faire sa premi\u00e8re communion\u00e2\u20ac\u00a6puis apr\u00e8s cette f\u00eate, ils \u00ab arr\u00eatent \u00bb, comme ils disent.<br \/>\n On peut alors se  demander ce que les enfants ont retenu du cat\u00e9 quand tout ce qui y est v\u00e9cu n&rsquo;est pas relay\u00e9 ni v\u00e9cu en famille.<br \/>\nNotre objectif de parent devrait \u00eatre \u00ab de transmettre une dimension spirituelle \u00e0 nos enfants, de les ouvrir \u00e0 une dimension myst\u00e9rieuse de leur existence, mais en restant tr\u00e8s ouverts. \u00bb<br \/>\n Bien souvent ils pensent que l&rsquo;\u00e9glise enferme leurs enfants au lieu de les conduire \u00e0 la vie.<br \/>\n\u00ab Les chr\u00e9tiens ont parfois du mal \u00e0 \u00eatre convaincus que la foi en la r\u00e9surrection concerne leur vie ici-bas avant tout, les conduit \u00e0 la vie ici et maintenant.<br \/>\nIls ont l&rsquo;impression que l&rsquo;Eglise les enferme au lieu de les conduire \u00e0 la vie. Ils ne veulent pas que leurs enfants deviennent des faibles, ou qu&rsquo;ils endossent une identit\u00e9 qui les coupe des autres. \u00bb<br \/>\nQuelle foi transmettre quand on ne partage pas la m\u00eame foi en couple ? (foyers mixtes-ou quand l&rsquo;un des deux est ath\u00e9e)<br \/>\nEt quelle parole donner \u00e0 mon enfant quand je ne me sens pas moi-m\u00eame accueilli?<br \/>\n\u00ab Dans tous les cas, on sent clairement un besoin que l&rsquo;annonce de l&rsquo;Evangile soit incarn\u00e9e dans leur vie quotidienne, dans leur pr\u00e9occupation, prenne en compte leur vie de parents du XXIe si\u00e8cle. \u00bb (B\u00e9n\u00e9dicte Jeancourt-Galignani)<\/p><\/div>\n","protected":false},"excerpt":{"rendered":"<p>[L&rsquo;OTPP, l&rsquo;Office Technique de la Presse Paroissiale->http:\/\/www.otpp.org\/] est une association bas\u00e9e \u00e0\u00a0 Wambrechies (59) au service de la Presse Paroissiale. Elle a \u00e9t\u00e9 cr\u00e9\u00e9e en 1947 par le p\u00e8re Jean Tremeau, pr\u00eatre du dioc\u00e8se&#46;&#46;&#46;<\/p>\n","protected":false},"author":2,"featured_media":0,"comment_status":"open","ping_status":"open","sticky":false,"template":"","format":"standard","meta":{"footnotes":""},"categories":[],"tags":[],"class_list":["post-1091","post","type-post","status-publish","format-standard","hentry"],"_links":{"self":[{"href":"http:\/\/www.chapelle-crecy.com\/index.php?rest_route=\/wp\/v2\/posts\/1091","targetHints":{"allow":["GET"]}}],"collection":[{"href":"http:\/\/www.chapelle-crecy.com\/index.php?rest_route=\/wp\/v2\/posts"}],"about":[{"href":"http:\/\/www.chapelle-crecy.com\/index.php?rest_route=\/wp\/v2\/types\/post"}],"author":[{"embeddable":true,"href":"http:\/\/www.chapelle-crecy.com\/index.php?rest_route=\/wp\/v2\/users\/2"}],"replies":[{"embeddable":true,"href":"http:\/\/www.chapelle-crecy.com\/index.php?rest_route=%2Fwp%2Fv2%2Fcomments&post=1091"}],"version-history":[{"count":0,"href":"http:\/\/www.chapelle-crecy.com\/index.php?rest_route=\/wp\/v2\/posts\/1091\/revisions"}],"wp:attachment":[{"href":"http:\/\/www.chapelle-crecy.com\/index.php?rest_route=%2Fwp%2Fv2%2Fmedia&parent=1091"}],"wp:term":[{"taxonomy":"category","embeddable":true,"href":"http:\/\/www.chapelle-crecy.com\/index.php?rest_route=%2Fwp%2Fv2%2Fcategories&post=1091"},{"taxonomy":"post_tag","embeddable":true,"href":"http:\/\/www.chapelle-crecy.com\/index.php?rest_route=%2Fwp%2Fv2%2Ftags&post=1091"}],"curies":[{"name":"wp","href":"https:\/\/api.w.org\/{rel}","templated":true}]}}