{"id":1095,"date":"2017-10-28T20:45:45","date_gmt":"2017-10-28T20:45:45","guid":{"rendered":""},"modified":"-0001-11-30T00:00:00","modified_gmt":"-0001-11-29T22:00:00","slug":"","status":"publish","type":"post","link":"http:\/\/www.chapelle-crecy.com\/?p=1095","title":{"rendered":"Annonces du 30 octobre au 5 novembre 2017"},"content":{"rendered":"<div align=\"justify\">Voici les annonces de la semaine du lundi 30 octobre au dimanche 5 novembre 2017 pour la paroisse des 3 clochers Cr\u00e9cy-la-Chapelle, Villiers-sur-Morin, Voulangis. <\/p>\n<p>Mercredi 1er \u00e0\u00a0 9 h 45, messe de la Toussaint.<br \/>\nSamedi 4 \u00e0\u00a0 18 h 30, messe \u00e0\u00a0 Villiers, <br \/>\nDimanche 5 \u00e0\u00a0 9 h 45, messe \u00e0\u00a0 Cr\u00e9cy. <\/p>\n<p>Tous les d\u00e9tails dans la suite &#8230;\n<\/p><\/div>\n<div align=\"center\">\n<table bgcolor =\"F0F0F6\" border=0>\n<tbody>\n<td><font color=\"0E0C40\"><\/p>\n<div align=\"center\"><img decoding=\"async\" src=\"\/IMG\/personnes\/quentin.jpg\" width=200><br \/><i>St Quentin<\/i><\/div>\n<p><\/font><\/td>\n<td ><font color=\"0E0C40\"><\/p>\n<div align=\"center\">\n<b>Lundi 30 octobre<\/b><br \/>\n10 h 30 &#8211; Obs\u00e8ques \u00e0 Cr\u00e9cy d&rsquo;Emile PENICAUD.<br \/>\n17 h &#8211; Messe \u00e0 la Maison de Retraite.<\/p>\n<p><b>Mardi 31 octobre<\/b><br \/>\n<i>Saint Quentin<\/i><\/p>\n<p>18 h &#8211; Messe \u00e0 Cr\u00e9cy pour Val\u00e9rie SCHULER et Conrad CARPANEDO.\n<\/td>\n<\/tr>\n<\/tbody>\n<\/table>\n<p> <\/p>\n<table bgcolor =\"F0F6FA\" border=0>\n<tbody>\n<tr>\n<td><font color=\"AE0F40\"><\/p>\n<div align=\"center\"><b>Mercredi 1er novembre<\/b><br \/>\nSolennit\u00e9 de la TOUSSAINT<br \/>\n9 h 45 &#8211; Messe \u00e0 Cr\u00e9cy<\/p>\n<p><b>Jeudi 2 novembre<\/b><br \/>\n<i>Comm\u00e9moration des fid\u00e8les d\u00e9funts<\/i><br \/> <br \/>\n15 h &#8211; A Villiers, obs\u00e8ques de Jacqueline VALLET n\u00e9e SOUDIN<br \/>\n18 h &#8211; Messe \u00e0 Cr\u00e9cy c\u00e9l\u00e9br\u00e9e pour tous les d\u00e9funts de cette ann\u00e9e.<\/div>\n<p><\/font><\/td>\n<td><font color=\"AE0F40\"><\/p>\n<div align=\"center\"><img decoding=\"async\" src=\"\/IMG\/lieux\/Tombes.jpg\" width=250><\/div>\n<p><\/font><\/td>\n<\/tr>\n<\/tbody>\n<\/table>\n<p> <\/p>\n<table bgcolor =\"FFF6F0\" border=0>\n<tbody>\n<tr>\n<td><font color=\"00CC00\"><\/p>\n<div align=\"center\"><img decoding=\"async\" src=\"\/IMG\/personnes\/charles_boromee.jpg\" width=200><br \/><i>Saint Charles Borom\u00e9e<\/i>\n<\/div>\n<p><\/font><\/td>\n<td><font color=\"00CC00\"><\/p>\n<div align=\"center\">\n<b>Vendredi 3 novembre<\/b><br \/> <br \/>\n9 h -Messe \u00e0 Cr\u00e9cy pour Paul WESPRISER, Patrick FARAOULT et Jean-Claude  SIMON.<\/p>\n<p><b>Samedi 4 novembre<\/b><br \/>\n<i>St Charles Borrom\u00e9e<\/i><br \/>\n18 h 30 &#8211;  Messe \u00e0 Villiers pour Bernadette POTRAWIAK, Serge PHILIPPE et Marc CALONNE.<\/p>\n<p><b>Dimanche 5 novembre<\/b><br \/> <br \/>\n9 h 45 &#8211; Messe \u00e0 Cr\u00e9cy pour Sabine BATARD,  Marie-Louise POUTONNET et Simon ARBOGAST &#8211; Premi\u00e8re Communion de Faustine FOUILLAND<br \/>\n.\n<\/div>\n<p><\/font><\/td>\n<\/tr>\n<\/tbody>\n<\/table>\n<\/div>\n","protected":false},"excerpt":{"rendered":"<p>Voici les annonces de la semaine du lundi 30 octobre au dimanche 5 novembre 2017 pour la paroisse des 3 clochers Cr\u00e9cy-la-Chapelle, Villiers-sur-Morin, Voulangis. Mercredi 1er \u00e0\u00a0 9 h 45, messe de la Toussaint.&#46;&#46;&#46;<\/p>\n","protected":false},"author":2,"featured_media":0,"comment_status":"open","ping_status":"open","sticky":false,"template":"","format":"standard","meta":{"footnotes":""},"categories":[],"tags":[],"class_list":["post-1095","post","type-post","status-publish","format-standard","hentry"],"_links":{"self":[{"href":"http:\/\/www.chapelle-crecy.com\/index.php?rest_route=\/wp\/v2\/posts\/1095","targetHints":{"allow":["GET"]}}],"collection":[{"href":"http:\/\/www.chapelle-crecy.com\/index.php?rest_route=\/wp\/v2\/posts"}],"about":[{"href":"http:\/\/www.chapelle-crecy.com\/index.php?rest_route=\/wp\/v2\/types\/post"}],"author":[{"embeddable":true,"href":"http:\/\/www.chapelle-crecy.com\/index.php?rest_route=\/wp\/v2\/users\/2"}],"replies":[{"embeddable":true,"href":"http:\/\/www.chapelle-crecy.com\/index.php?rest_route=%2Fwp%2Fv2%2Fcomments&post=1095"}],"version-history":[{"count":0,"href":"http:\/\/www.chapelle-crecy.com\/index.php?rest_route=\/wp\/v2\/posts\/1095\/revisions"}],"wp:attachment":[{"href":"http:\/\/www.chapelle-crecy.com\/index.php?rest_route=%2Fwp%2Fv2%2Fmedia&parent=1095"}],"wp:term":[{"taxonomy":"category","embeddable":true,"href":"http:\/\/www.chapelle-crecy.com\/index.php?rest_route=%2Fwp%2Fv2%2Fcategories&post=1095"},{"taxonomy":"post_tag","embeddable":true,"href":"http:\/\/www.chapelle-crecy.com\/index.php?rest_route=%2Fwp%2Fv2%2Ftags&post=1095"}],"curies":[{"name":"wp","href":"https:\/\/api.w.org\/{rel}","templated":true}]}}