{"id":1096,"date":"2017-11-03T19:22:35","date_gmt":"2017-11-03T19:22:35","guid":{"rendered":""},"modified":"-0001-11-30T00:00:00","modified_gmt":"-0001-11-29T22:00:00","slug":"","status":"publish","type":"post","link":"http:\/\/www.chapelle-crecy.com\/?p=1096","title":{"rendered":"Annonces du 6 au 12 novembre 2017"},"content":{"rendered":"<div align=\"justify\">Voici les annonces de la semaine du lundi 6 au dimanche 12 novembre 2017 pour la paroisse des 3 clochers Cr\u00e9cy-la-Chapelle, Villiers-sur-Morin, Voulangis. <\/p>\n<p>Samedi 11 \u00e0\u00a0 11 h 00, messe anniversaire de l&rsquo;armistice \u00e0\u00a0 Cr\u00e9cy, <br \/>\nDimanche 12 \u00e0\u00a0 9 h 45, messe \u00e0\u00a0 Cr\u00e9cy. <\/p>\n<p>Tous les d\u00e9tails dans la suite &#8230;\n<\/p><\/div>\n<div align=\"center\">\n<table bgcolor =\"F0F0F6\" border=0>\n<tbody>\n<td><font color=\"0E0C40\"><\/p>\n<div align=\"center\"><img decoding=\"async\" src=\"\/IMG\/personnes\/leonard.jpg\" width=200><br \/><i>St L\u00e9onard<\/i><\/div>\n<p><\/font><\/td>\n<td ><font color=\"0E0C40\"><\/p>\n<div align=\"center\">\n<b>Lundi 6 novembre<\/b><br \/>\n<i>Saint L\u00e9onard<\/i><br \/>\n14 h 30 &#8211; R\u00e9union de l&rsquo;Equipe du Rosaire chez Mme LOUIS.<br \/>\n17 h  &#8211;  Messe \u00e0 la Maison de Retraite.<br \/>\n20 h 30 &#8211;  R\u00e9union de l&rsquo;Equipe d&rsquo;Animation Pastorale.<\/p>\n<p><b>Mardi 7 novembre<\/b><\/p>\n<p>18 h &#8211; Messe \u00e0 Cr\u00e9cy pour Lucien GORRET, Bernard GOURBAUD et Julien MASSON.\n<\/td>\n<\/tr>\n<\/tbody>\n<\/table>\n<p> <\/p>\n<table bgcolor =\"F0F6FA\" border=0>\n<tbody>\n<tr>\n<td><font color=\"AE0F40\"><\/p>\n<div align=\"center\"><b>Mercredi 8 novembre<\/b><br \/>\n<i>Sainte Elisabeth de la Trinit\u00e9<\/i><br \/>\n9 h &#8211; Messe \u00e0 Cr\u00e9cy pour  Marie GALLOIS, Edith COTTANCEAU et Lo\u00efc MEUNIER.<\/p>\n<p><b>Jeudi 9 novembre<\/b><br \/>\nPas de Messe en paroisse.<\/div>\n<p><\/font><\/td>\n<td><font color=\"AE0F40\"><\/p>\n<div align=\"center\"><img decoding=\"async\" src=\"\/IMG\/personnes\/elisabeth_trinite.jpg\" width=250><br \/>\nSainte Elisabeth de la Trinit\u00e9<\/font><\/td>\n<\/tr>\n<\/tbody>\n<\/table>\n<p> <\/p>\n<table bgcolor =\"FFF6F0\" border=0>\n<tbody>\n<tr>\n<td><font color=\"00CC00\"><\/p>\n<div align=\"center\"><img decoding=\"async\" src=\"\/IMG\/personnes\/martin.jpg\" width=200><br \/><i>Saint Martin<\/i>\n<\/div>\n<p><\/font><\/td>\n<td><font color=\"00CC00\"><\/p>\n<div align=\"center\">\n<b>Vendredi 10 novembre<\/b><br \/> <br \/>\nPas de Messe en paroisse.<\/p>\n<p><b>Samedi 11 novembre<\/b><br \/>\n<i>Saint-Martin <\/i><br \/>\n11 h &#8211; \u00e0 Cr\u00e9cy, Messe anniversaire de l&rsquo;ARMISTICE 1918.<\/p>\n<p><b>Dimanche 12 novembre<\/b><br \/> <br \/>\n9 h 45 &#8211; Messe \u00e0 Cr\u00e9cy pour Georges PAQUET, Fran\u00e7ois de LAUBRIERE et Ludovic STEINER. Elle est \u00e9galement c\u00e9l\u00e9br\u00e9e pour Jacqueline VALLET inhum\u00e9e la semaine derni\u00e8re.\n<\/div>\n<p><\/font><\/td>\n<\/tr>\n<\/tbody>\n<\/table>\n<\/div>\n","protected":false},"excerpt":{"rendered":"<p>Voici les annonces de la semaine du lundi 6 au dimanche 12 novembre 2017 pour la paroisse des 3 clochers Cr\u00e9cy-la-Chapelle, Villiers-sur-Morin, Voulangis. Samedi 11 \u00e0\u00a0 11 h 00, messe anniversaire de l&rsquo;armistice \u00e0\u00a0&#46;&#46;&#46;<\/p>\n","protected":false},"author":2,"featured_media":0,"comment_status":"open","ping_status":"open","sticky":false,"template":"","format":"standard","meta":{"footnotes":""},"categories":[],"tags":[],"class_list":["post-1096","post","type-post","status-publish","format-standard","hentry"],"_links":{"self":[{"href":"http:\/\/www.chapelle-crecy.com\/index.php?rest_route=\/wp\/v2\/posts\/1096","targetHints":{"allow":["GET"]}}],"collection":[{"href":"http:\/\/www.chapelle-crecy.com\/index.php?rest_route=\/wp\/v2\/posts"}],"about":[{"href":"http:\/\/www.chapelle-crecy.com\/index.php?rest_route=\/wp\/v2\/types\/post"}],"author":[{"embeddable":true,"href":"http:\/\/www.chapelle-crecy.com\/index.php?rest_route=\/wp\/v2\/users\/2"}],"replies":[{"embeddable":true,"href":"http:\/\/www.chapelle-crecy.com\/index.php?rest_route=%2Fwp%2Fv2%2Fcomments&post=1096"}],"version-history":[{"count":0,"href":"http:\/\/www.chapelle-crecy.com\/index.php?rest_route=\/wp\/v2\/posts\/1096\/revisions"}],"wp:attachment":[{"href":"http:\/\/www.chapelle-crecy.com\/index.php?rest_route=%2Fwp%2Fv2%2Fmedia&parent=1096"}],"wp:term":[{"taxonomy":"category","embeddable":true,"href":"http:\/\/www.chapelle-crecy.com\/index.php?rest_route=%2Fwp%2Fv2%2Fcategories&post=1096"},{"taxonomy":"post_tag","embeddable":true,"href":"http:\/\/www.chapelle-crecy.com\/index.php?rest_route=%2Fwp%2Fv2%2Ftags&post=1096"}],"curies":[{"name":"wp","href":"https:\/\/api.w.org\/{rel}","templated":true}]}}