{"id":1097,"date":"2017-11-11T14:16:57","date_gmt":"2017-11-11T14:16:57","guid":{"rendered":""},"modified":"-0001-11-30T00:00:00","modified_gmt":"-0001-11-29T22:00:00","slug":"","status":"publish","type":"post","link":"http:\/\/www.chapelle-crecy.com\/?p=1097","title":{"rendered":"Annonces du 13 au 19 novembre 2017"},"content":{"rendered":"<div align=\"justify\">Voici les annonces de la semaine du lundi 13 au dimanche 19 novembre 2017 pour la paroisse des 3 clochers Cr\u00e9cy-la-Chapelle, Villiers-sur-Morin, Voulangis. <\/p>\n<p>Samedi 18 \u00e0\u00a0 11 h 00, messe \u00e0\u00a0 Villiers, <br \/>\nDimanche 19 \u00e0\u00a0 9 h 45, messe \u00e0\u00a0 Cr\u00e9cy. <\/p>\n<p>Tous les d\u00e9tails dans la suite &#8230;\n<\/p><\/div>\n<div align=\"center\">\n<table bgcolor =\"F0F0F6\" border=0>\n<tbody>\n<td><font color=\"0E0C40\"><\/p>\n<div align=\"center\"><img decoding=\"async\" src=\"\/IMG\/personnes\/brice.jpg\" width=250 ><br \/>\n<br \/>Saint Brice<\/font><\/td>\n<td ><font color=\"0E0C40\"><\/p>\n<div align=\"center\">\n<b>Lundi 13 novembre<\/b><br \/>\n<i>Saint Brice<\/i><br \/>\n17 h  &#8211;  Messe \u00e0 la Maison de Retraite.                      <\/p>\n<p> <br \/>\n<b>Mardi 14 et mercredi 15 novembre<\/b><br \/>\nPas de Messe en paroisse.\n<\/td>\n<\/tr>\n<\/tbody>\n<\/table>\n<p> <\/p>\n<table bgcolor =\"F0F6FA\" border=0>\n<tbody>\n<tr>\n<td><font color=\"AE0F40\"><\/p>\n<div align=\"center\">\n<b>Jeudi 16 novembre<\/b><br \/>\n10 h 30, A cr\u00e9cy, obs\u00e8ques de Fernande SAUVEGARDE n\u00e9e BURLAUD.<br \/>\n18 h &#8211; Assembl\u00e9e de pri\u00e8re \u00e0 Cr\u00e9cy.<\/p>\n<p><b>Vendredi 17 novembre<\/b><br \/> <br \/>\n<i>St Elisabeth de Hongrie<\/i><br \/>\nPas de Messe en paroisse. <\/div>\n<p><\/font><\/td>\n<td><font color=\"AE0F40\"><\/p>\n<div align=\"center\"><img decoding=\"async\" src=\"\/IMG\/personnes\/elisabeth.jpg\" width=250><br \/><i>Sainte Elisabeth de Hongrie<\/i><\/font><\/td>\n<\/tr>\n<\/tbody>\n<\/table>\n<p> <\/p>\n<table bgcolor =\"FFF6F0\" border=0>\n<tbody>\n<tr>\n<td><font color=\"00CC00\"><\/p>\n<div align=\"center\"><img decoding=\"async\" src=\"\/IMG\/personnes\/tanguy.jpg\" width=200 ><br \/>\n<br \/>Saint Tanguy\n<\/div>\n<p><\/font><\/td>\n<td><font color=\"00CC00\"><\/p>\n<div align=\"center\">\n<p> <br \/>\n<b>Samedi 18 novembre<\/b><br \/>\n18 h 30  &#8211; Messe \u00e0 <font color=\"FF0000\">VOULANGIS<\/font> pour Pierrette DE PENA, Patrice ESPERET et Jos\u00e9 DA SILVA.<\/p>\n<p><b>Dimanche 19 novembre<\/b><br \/> <br \/>\n<i>Saint Tanguy<\/i><br \/>\n9 h 45 &#8211; Messe \u00e0 Cr\u00e9cy pour Pierre MACRIDI, Dominique BERGAMASHI et Yvette PELOUX .<br \/>\nle samedi 18 et dimanche 19 novembre : QUETE SPECIALE POUR LE  SECOURS CATHOLIQUE.\n<\/div>\n<p><\/font><\/td>\n<\/tr>\n<\/tbody>\n<\/table>\n<\/div>\n","protected":false},"excerpt":{"rendered":"<p>Voici les annonces de la semaine du lundi 13 au dimanche 19 novembre 2017 pour la paroisse des 3 clochers Cr\u00e9cy-la-Chapelle, Villiers-sur-Morin, Voulangis. Samedi 18 \u00e0\u00a0 11 h 00, messe \u00e0\u00a0 Villiers, Dimanche 19&#46;&#46;&#46;<\/p>\n","protected":false},"author":2,"featured_media":0,"comment_status":"open","ping_status":"open","sticky":false,"template":"","format":"standard","meta":{"footnotes":""},"categories":[],"tags":[],"class_list":["post-1097","post","type-post","status-publish","format-standard","hentry"],"_links":{"self":[{"href":"http:\/\/www.chapelle-crecy.com\/index.php?rest_route=\/wp\/v2\/posts\/1097","targetHints":{"allow":["GET"]}}],"collection":[{"href":"http:\/\/www.chapelle-crecy.com\/index.php?rest_route=\/wp\/v2\/posts"}],"about":[{"href":"http:\/\/www.chapelle-crecy.com\/index.php?rest_route=\/wp\/v2\/types\/post"}],"author":[{"embeddable":true,"href":"http:\/\/www.chapelle-crecy.com\/index.php?rest_route=\/wp\/v2\/users\/2"}],"replies":[{"embeddable":true,"href":"http:\/\/www.chapelle-crecy.com\/index.php?rest_route=%2Fwp%2Fv2%2Fcomments&post=1097"}],"version-history":[{"count":0,"href":"http:\/\/www.chapelle-crecy.com\/index.php?rest_route=\/wp\/v2\/posts\/1097\/revisions"}],"wp:attachment":[{"href":"http:\/\/www.chapelle-crecy.com\/index.php?rest_route=%2Fwp%2Fv2%2Fmedia&parent=1097"}],"wp:term":[{"taxonomy":"category","embeddable":true,"href":"http:\/\/www.chapelle-crecy.com\/index.php?rest_route=%2Fwp%2Fv2%2Fcategories&post=1097"},{"taxonomy":"post_tag","embeddable":true,"href":"http:\/\/www.chapelle-crecy.com\/index.php?rest_route=%2Fwp%2Fv2%2Ftags&post=1097"}],"curies":[{"name":"wp","href":"https:\/\/api.w.org\/{rel}","templated":true}]}}