{"id":1098,"date":"2017-11-14T09:52:29","date_gmt":"2017-11-14T09:52:29","guid":{"rendered":""},"modified":"-0001-11-30T00:00:00","modified_gmt":"-0001-11-29T22:00:00","slug":"","status":"publish","type":"post","link":"http:\/\/www.chapelle-crecy.com\/?p=1098","title":{"rendered":"Indisponibilit\u00e9 de l&rsquo;\u00e9glise de Villiers"},"content":{"rendered":"<div align=\"justify\">Compte tenu d&rsquo;une d\u00e9gradation partielle du plafond de l&rsquo;\u00e9glise de Villiers o\u00f9 l&rsquo;on enregistre une chute de pl tre, et sur recommandation du Maire de la commune, nous arr\u00eatons momentan\u00e9ment toute tenue d&rsquo;\u00e9v\u00e9nements cultuels, voire culturels dans cette \u00e9glise. Puisque la municipalit\u00e9 est en train de prendre les dispositions techniques n\u00e9cessaires, on esp\u00e8re que la r\u00e9paration de la d\u00e9fection se r\u00e9alisera d&rsquo;ici quelques semaines.<\/p>\n<p>Pour l&rsquo;heure, les messes dominicales anticip\u00e9es de samedi 18h30 auront toutes lieu en l&rsquo;\u00e9glise Saint Pierre de Voulangis. De m\u00eame des obs\u00e8ques, c\u00e9l\u00e9brations de sacrements et animation de concert susceptibles d&rsquo;avoir lieu \u00e0\u00a0 Villiers, en attendant la r\u00e9alisation des travaux, seront d\u00e9port\u00e9s sur Cr\u00e9cy et Voulangis au cas par cas.<\/p>\n<p>Nous vous tiendrons au courant de l&rsquo;\u00e9volution des op\u00e9rations.<\/p>\n<p>Bien fraternellement, au nom de la Communaut\u00e9 paroissiale des Trois Clochers, p\u00e8re Michel Henrie et le coordinateur Jo\u00f6l Lahaille (06-52-28-28-02).<\/p><\/div>\n","protected":false},"excerpt":{"rendered":"<p>Compte tenu d&rsquo;une d\u00e9gradation partielle du plafond de l&rsquo;\u00e9glise de Villiers o\u00f9 l&rsquo;on enregistre une chute de pl tre, et sur recommandation du Maire de la commune, nous arr\u00eatons momentan\u00e9ment toute tenue d&rsquo;\u00e9v\u00e9nements cultuels,&#46;&#46;&#46;<\/p>\n","protected":false},"author":2,"featured_media":0,"comment_status":"open","ping_status":"open","sticky":false,"template":"","format":"standard","meta":{"footnotes":""},"categories":[],"tags":[],"class_list":["post-1098","post","type-post","status-publish","format-standard","hentry"],"_links":{"self":[{"href":"http:\/\/www.chapelle-crecy.com\/index.php?rest_route=\/wp\/v2\/posts\/1098","targetHints":{"allow":["GET"]}}],"collection":[{"href":"http:\/\/www.chapelle-crecy.com\/index.php?rest_route=\/wp\/v2\/posts"}],"about":[{"href":"http:\/\/www.chapelle-crecy.com\/index.php?rest_route=\/wp\/v2\/types\/post"}],"author":[{"embeddable":true,"href":"http:\/\/www.chapelle-crecy.com\/index.php?rest_route=\/wp\/v2\/users\/2"}],"replies":[{"embeddable":true,"href":"http:\/\/www.chapelle-crecy.com\/index.php?rest_route=%2Fwp%2Fv2%2Fcomments&post=1098"}],"version-history":[{"count":0,"href":"http:\/\/www.chapelle-crecy.com\/index.php?rest_route=\/wp\/v2\/posts\/1098\/revisions"}],"wp:attachment":[{"href":"http:\/\/www.chapelle-crecy.com\/index.php?rest_route=%2Fwp%2Fv2%2Fmedia&parent=1098"}],"wp:term":[{"taxonomy":"category","embeddable":true,"href":"http:\/\/www.chapelle-crecy.com\/index.php?rest_route=%2Fwp%2Fv2%2Fcategories&post=1098"},{"taxonomy":"post_tag","embeddable":true,"href":"http:\/\/www.chapelle-crecy.com\/index.php?rest_route=%2Fwp%2Fv2%2Ftags&post=1098"}],"curies":[{"name":"wp","href":"https:\/\/api.w.org\/{rel}","templated":true}]}}