{"id":1100,"date":"2017-11-25T19:17:20","date_gmt":"2017-11-25T19:17:20","guid":{"rendered":""},"modified":"-0001-11-30T00:00:00","modified_gmt":"-0001-11-29T22:00:00","slug":"","status":"publish","type":"post","link":"http:\/\/www.chapelle-crecy.com\/?p=1100","title":{"rendered":"Annonces du 27 novembre au 3 d\u00e9cembre 2017"},"content":{"rendered":"<div align=\"justify\">Voici les annonces de la semaine du lundi 27 novembre au dimanche 3 d\u00e9cembre 2017 pour la paroisse des 3 clochers Cr\u00e9cy-la-Chapelle, Villiers-sur-Morin, Voulangis. <\/p>\n<p>Samedi 2 \u00e0\u00a0 18 h 30, messe \u00e0\u00a0 Villiers, <br \/>\nDimanche 3 \u00e0\u00a0 9 h 45, messe \u00e0\u00a0 Cr\u00e9cy. <\/p>\n<p>Tous les d\u00e9tails dans la suite &#8230;\n<\/p><\/div>\n<div align=\"center\">\n<table bgcolor =\"F0F0F6\" border=0>\n<tbody>\n<td><font color=\"0E0C40\"><\/p>\n<div align=\"center\"><img decoding=\"async\" src=\"\/IMG\/personnes\/catherine_labouree.jpg\" width=200 ><br \/>\n<br \/>Sainte Catherine Labour\u00e9e<\/font><\/td>\n<td ><font color=\"0E0C40\"><\/p>\n<div align=\"center\">\n<b>Lundi 27 novembre<\/b><br \/>\n17 h &#8211; C\u00e9l\u00e9bration \u00e0 la Maison de Retraite. <\/p>\n<p> <br \/>\n<b>Mardi 28 novembre<\/b><br \/>\n<i>Sainte Catherine Labour\u00e9e<\/i><br \/>\nPas de Messe en paroisse.<\/p>\n<p><b>Mercredi 29 novembre<\/b><br \/>\n9 h &#8211; Messe \u00e0 Cr\u00e9cy pour Marc CALONNE, Jacqueline VALLET et Emile PENICAUD.\n<\/td>\n<\/tr>\n<\/tbody>\n<\/table>\n<p> <\/p>\n<table bgcolor =\"F0F6FA\" border=0>\n<tbody>\n<tr>\n<td><font color=\"AE0F40\"><\/p>\n<div align=\"center\">\n<b>Jeudi 30 novembre<\/b><br \/>\nPas de Messe en paroisse.<\/p>\n<p><b>Vendredi 1er d\u00e9cembre<\/b><br \/> <br \/>\n<i>Saint Eloi<\/i><br \/>\n9 h &#8211; Messe \u00e0 Cr\u00e9cy pour JGis\u00e8le WACK,  Alexandrine DIBON et  Jean-Pierre METHAIS.<\/div>\n<p><\/font><\/td>\n<td><font color=\"AE0F40\"><\/p>\n<div align=\"center\"><img decoding=\"async\" src=\"\/IMG\/personnes\/eloi.jpg\" width=200><br \/><i>Saint Eloi<\/i><\/font><\/td>\n<\/tr>\n<\/tbody>\n<\/table>\n<p> <\/p>\n<table bgcolor =\"FFF6F0\" border=0>\n<tbody>\n<tr>\n<td><font color=\"00CC00\"><\/p>\n<div align=\"center\"><img decoding=\"async\" src=\"\/IMG\/personnes\/Francois-xavier.jpg\" width=200 ><br \/>\n<i>Saint Fran\u00e7ois-Xavier<\/i>\n<\/div>\n<p><\/font><\/td>\n<td><font color=\"00CC00\"><\/p>\n<div align=\"center\">\n<br \/> <br \/>\n<b>Samedi 2 d\u00e9cembre<\/b><br \/>\n18 h 30 &#8211; Messe \u00e0 Villiers pour Mich\u00e8le HAESE, Dominique BERGAMASHI et Roger DUFAUX.<\/p>\n<p><b>Dimanche 3 d\u00e9cembre<\/b><br \/> <br \/>\n<i>Saint Fran\u00e7ois-Xavier<\/i><br \/>\n9 h 45 &#8211; PREMIER DIMANCHE DE L&rsquo;AVENT<br \/>\nA Cr\u00e9cy, Messe anniversaire pour Alain CUISINIER, elle est \u00e9galement c\u00e9l\u00e9br\u00e9e pour Alphonse MOREL, et Jean et Simone BLAVIER.<\/p>\n<p>samedi 2 et dimanche 3 d\u00e9cembre :QUETE SPECIALE pour les CHANTIERS DU CARDINAL et vente des Couronnes de l&rsquo;Avent confectionn\u00e9es par les jeunes de l&rsquo;Aum\u00f4nerie.\n<\/p><\/div>\n<p><\/font><\/td>\n<\/tr>\n<\/tbody>\n<\/table>\n<\/div>\n","protected":false},"excerpt":{"rendered":"<p>Voici les annonces de la semaine du lundi 27 novembre au dimanche 3 d\u00e9cembre 2017 pour la paroisse des 3 clochers Cr\u00e9cy-la-Chapelle, Villiers-sur-Morin, Voulangis. Samedi 2 \u00e0\u00a0 18 h 30, messe \u00e0\u00a0 Villiers, Dimanche&#46;&#46;&#46;<\/p>\n","protected":false},"author":2,"featured_media":0,"comment_status":"open","ping_status":"open","sticky":false,"template":"","format":"standard","meta":{"footnotes":""},"categories":[],"tags":[],"class_list":["post-1100","post","type-post","status-publish","format-standard","hentry"],"_links":{"self":[{"href":"http:\/\/www.chapelle-crecy.com\/index.php?rest_route=\/wp\/v2\/posts\/1100","targetHints":{"allow":["GET"]}}],"collection":[{"href":"http:\/\/www.chapelle-crecy.com\/index.php?rest_route=\/wp\/v2\/posts"}],"about":[{"href":"http:\/\/www.chapelle-crecy.com\/index.php?rest_route=\/wp\/v2\/types\/post"}],"author":[{"embeddable":true,"href":"http:\/\/www.chapelle-crecy.com\/index.php?rest_route=\/wp\/v2\/users\/2"}],"replies":[{"embeddable":true,"href":"http:\/\/www.chapelle-crecy.com\/index.php?rest_route=%2Fwp%2Fv2%2Fcomments&post=1100"}],"version-history":[{"count":0,"href":"http:\/\/www.chapelle-crecy.com\/index.php?rest_route=\/wp\/v2\/posts\/1100\/revisions"}],"wp:attachment":[{"href":"http:\/\/www.chapelle-crecy.com\/index.php?rest_route=%2Fwp%2Fv2%2Fmedia&parent=1100"}],"wp:term":[{"taxonomy":"category","embeddable":true,"href":"http:\/\/www.chapelle-crecy.com\/index.php?rest_route=%2Fwp%2Fv2%2Fcategories&post=1100"},{"taxonomy":"post_tag","embeddable":true,"href":"http:\/\/www.chapelle-crecy.com\/index.php?rest_route=%2Fwp%2Fv2%2Ftags&post=1100"}],"curies":[{"name":"wp","href":"https:\/\/api.w.org\/{rel}","templated":true}]}}