{"id":1101,"date":"2017-12-01T22:45:22","date_gmt":"2017-12-01T22:45:22","guid":{"rendered":""},"modified":"-0001-11-30T00:00:00","modified_gmt":"-0001-11-29T22:00:00","slug":"","status":"publish","type":"post","link":"http:\/\/www.chapelle-crecy.com\/?p=1101","title":{"rendered":"Annonces du 4 au 10 d\u00e9cembre 2017"},"content":{"rendered":"<div align=\"justify\">Voici les annonces de la semaine du lundi 4 au dimanche 10 d\u00e9cembre 2017 pour la paroisse des 3 clochers Cr\u00e9cy-la-Chapelle, Villiers-sur-Morin, Voulangis. <\/p>\n<p>Samedi 9 \u00e0\u00a0 18 h 30, messe \u00e0\u00a0 Voulangis, <br \/>\nDimanche 10 \u00e0\u00a0 9 h 45, messe \u00e0\u00a0 Cr\u00e9cy. <\/p>\n<p>Tous les d\u00e9tails dans la suite &#8230;\n<\/p><\/div>\n<div align=\"center\">\n<table bgcolor =\"F0F0F6\" border=0>\n<tbody>\n<td><font color=\"0E0C40\"><\/p>\n<div align=\"center\"><img decoding=\"async\" src=\"\/IMG\/personnes\/nicolas.jpg\" width=200 ><br \/>\n<br \/>Saint Nicolas<\/font><\/td>\n<td ><font color=\"0E0C40\"><\/p>\n<div align=\"center\">\n<b>Lundi 4 d\u00e9cembre<\/b><br \/>\n14 h 30 &#8211; r\u00e9union de l&rsquo;Equipe du Rosaire chez Mme LOUIS.<br \/>\n17 h &#8211; Messe \u00e0 la Maison de Retraite<br \/>\n20 h 30 &#8211; R\u00e9union de l&rsquo;Equipe d&rsquo;Animation Pastorale. <\/p>\n<p> <br \/>\n<b>Mardi 5 d\u00e9cembre<\/b><br \/>\n18 h &#8211; Messe \u00e0 Cr\u00e9cy pour Denise VALEYRE et sa famille. Nous prierons aussi pour  Val\u00e9rie SCHULER et Philippe CABARET.<\/p>\n<p><b>Mercredi 6 d\u00e9cembre<\/b><br \/>\n<i>Saint Nicolas<\/i><br \/>\n9 h -Messe \u00e0 Cr\u00e9cy pour la famille  THION-MUNIER et Jacques LAVILLAUDY.\n<\/td>\n<\/tr>\n<\/tbody>\n<\/table>\n<p> <\/p>\n<table bgcolor =\"F0F6FA\" border=0>\n<tbody>\n<tr>\n<td><font color=\"AE0F40\"><\/p>\n<div align=\"center\">\n<b>Jeudi 7 d\u00e9cembre<\/b><br \/>\n<i>Saint Ambroise<\/i><br \/>\n15 h &#8211; A Cr\u00e9cy, obs\u00e8ques de Fr\u00e9d\u00e9ric TENAGUILLO.<br \/>\n18 h &#8211; Messe \u00e0 Cr\u00e9cy pour Ren\u00e9e GUIBERT, Simon ARBOGAST et Mauricette CHAMPIN.<\/p>\n<p><b>Vendredi 8 d\u00e9cembre<\/b><br \/> <br \/>\n<i>IMMACULEE CONCEPTION<\/i><br \/> <br \/>\n9 h &#8211; Messe \u00e0 Cr\u00e9cy pour Paul WESPRISER,  Ludovic STEINER et  Conrad CARPANEDO.<\/div>\n<p><\/font><\/td>\n<td><font color=\"AE0F40\"><\/p>\n<div align=\"center\"><img decoding=\"async\" src=\"\/IMG\/personnes\/immaculee_conception.jpg\" width=200><br \/><i>L&rsquo;immacul\u00e9ee conception<\/i><\/font><\/td>\n<\/tr>\n<\/tbody>\n<\/table>\n<p> <\/p>\n<table bgcolor =\"FFF6F0\" border=0>\n<tbody>\n<tr>\n<td><font color=\"00CC00\"><\/p>\n<div align=\"center\"><img decoding=\"async\" src=\"\/IMG\/personnes\/romaric.jpg\" width=200 ><br \/>\n<i>Saint Romaric<\/i>\n<\/div>\n<p><\/font><\/td>\n<td><font color=\"00CC00\"><\/p>\n<div align=\"center\">\n<br \/> <br \/>\n<b>Samedi 9 d\u00e9cembre<\/b><br \/>\n18 h 30 &#8211; Messe \u00e0 Voulangis pour Jean GACON et Maryvonne MATHONNET. Bapt\u00eame de Noah SOURDET-HACHLER.<\/p>\n<p><b>Dimanche 10 d\u00e9cembre<\/b><br \/> <br \/>\n9 h 45 &#8211; DEUXIEME DIMANCHE DE L&rsquo;AVENT &#8211; Saint Romaric<br \/>\nA Cr\u00e9cy, Messe participative avec les enfants de la Cat\u00e9ch\u00e8se. Elle sera c\u00e9l\u00e9br\u00e9e pour Fran\u00e7ois de LAUBRIERE, Serge PHILIPPE et Enzo CARLI.<\/p>\n<p>Dimanche 10 d\u00e9cembre : vente de chocolats au profit du BURKINA FASO.\n<\/p><\/div>\n<p><\/font><\/td>\n<\/tr>\n<\/tbody>\n<\/table>\n<\/div>\n","protected":false},"excerpt":{"rendered":"<p>Voici les annonces de la semaine du lundi 4 au dimanche 10 d\u00e9cembre 2017 pour la paroisse des 3 clochers Cr\u00e9cy-la-Chapelle, Villiers-sur-Morin, Voulangis. Samedi 9 \u00e0\u00a0 18 h 30, messe \u00e0\u00a0 Voulangis, Dimanche 10&#46;&#46;&#46;<\/p>\n","protected":false},"author":2,"featured_media":0,"comment_status":"open","ping_status":"open","sticky":false,"template":"","format":"standard","meta":{"footnotes":""},"categories":[],"tags":[],"class_list":["post-1101","post","type-post","status-publish","format-standard","hentry"],"_links":{"self":[{"href":"http:\/\/www.chapelle-crecy.com\/index.php?rest_route=\/wp\/v2\/posts\/1101","targetHints":{"allow":["GET"]}}],"collection":[{"href":"http:\/\/www.chapelle-crecy.com\/index.php?rest_route=\/wp\/v2\/posts"}],"about":[{"href":"http:\/\/www.chapelle-crecy.com\/index.php?rest_route=\/wp\/v2\/types\/post"}],"author":[{"embeddable":true,"href":"http:\/\/www.chapelle-crecy.com\/index.php?rest_route=\/wp\/v2\/users\/2"}],"replies":[{"embeddable":true,"href":"http:\/\/www.chapelle-crecy.com\/index.php?rest_route=%2Fwp%2Fv2%2Fcomments&post=1101"}],"version-history":[{"count":0,"href":"http:\/\/www.chapelle-crecy.com\/index.php?rest_route=\/wp\/v2\/posts\/1101\/revisions"}],"wp:attachment":[{"href":"http:\/\/www.chapelle-crecy.com\/index.php?rest_route=%2Fwp%2Fv2%2Fmedia&parent=1101"}],"wp:term":[{"taxonomy":"category","embeddable":true,"href":"http:\/\/www.chapelle-crecy.com\/index.php?rest_route=%2Fwp%2Fv2%2Fcategories&post=1101"},{"taxonomy":"post_tag","embeddable":true,"href":"http:\/\/www.chapelle-crecy.com\/index.php?rest_route=%2Fwp%2Fv2%2Ftags&post=1101"}],"curies":[{"name":"wp","href":"https:\/\/api.w.org\/{rel}","templated":true}]}}