{"id":1102,"date":"2017-12-08T20:53:06","date_gmt":"2017-12-08T20:53:06","guid":{"rendered":""},"modified":"-0001-11-30T00:00:00","modified_gmt":"-0001-11-29T22:00:00","slug":"","status":"publish","type":"post","link":"http:\/\/www.chapelle-crecy.com\/?p=1102","title":{"rendered":"Annonces du 11 au 17 d\u00e9c. 2017"},"content":{"rendered":"<div align=\"justify\">Voici les annonces de la semaine du lundi 11 au dimanche 17 d\u00e9cembre 2017 pour la paroisse des 3 clochers Cr\u00e9cy-la-Chapelle, Villiers-sur-Morin, Voulangis. <\/p>\n<p>Samedi 16 \u00e0\u00a0 18 h 30, messe \u00e0\u00a0 Villiers, <br \/>\nDimanche 17 \u00e0\u00a0 9 h 45, messe \u00e0\u00a0 Cr\u00e9cy. <\/p>\n<p>Tous les d\u00e9tails dans la suite &#8230;\n<\/p><\/div>\n<div align=\"center\">\n<table bgcolor =\"F0F0F6\" border=0>\n<tbody>\n<td><font color=\"0E0C40\"><\/p>\n<div align=\"center\"><img decoding=\"async\" src=\"\/IMG\/personnes\/lucie_syracuse.jpg\" width=200><br \/>\nSainte Lucie de Syracuse<\/div>\n<p><\/font><\/td>\n<td ><font color=\"0E0C40\"><\/p>\n<div align=\"center\">\n<b>Lundi 11 d\u00e9cembre<\/b><br \/>\n17 h &#8211; Messe \u00e0 la Maison de Retraite<\/p>\n<p> <br \/>\n<b>Mardi 12 d\u00e9cembre<\/b><br \/>\n<i>N.D. de Guadalupe<\/i> <\/br><br \/>\n18 h &#8211; Messe \u00e0 Cr\u00e9cy pour Marie-Louise POUTONNET, Jeanine HUVELIN et Michel HOUEL<\/p>\n<p><b>Mercredi 13 d\u00e9cembre<\/b><br \/>\n<i>Saint Lucie<\/i><br \/>\n9 h -Messe \u00e0 Cr\u00e9cy pour Sabine BATARD, Bernard GOURBAUD et Jacqueline MULET.\n<\/td>\n<\/tr>\n<\/tbody>\n<\/table>\n<p> <\/p>\n<table bgcolor =\"F0F6FA\" border=0>\n<tbody>\n<tr>\n<td><font color=\"AE0F40\"><\/p>\n<div align=\"center\">\n<b>Jeudi 14 d\u00e9cembre<\/b><br \/>\n<i>Saint Jean de la Croix<\/i><br \/>\nPas de Messe en Paroisse<\/p>\n<p><b>Vendredi 15 d\u00e9cembre<\/b><br \/> <br \/>\n9 h &#8211; Messe \u00e0 Cr\u00e9cy pour la famille LOUIS. Nous prierons aussi pour Julien MASSON et Albert DELAUNAY.<\/div>\n<p><\/font><\/td>\n<td><font color=\"AE0F40\"><\/p>\n<div align=\"center\"><img decoding=\"async\" src=\"\/IMG\/personnes\/jean_de_la_croix.jpg\" width=200><br \/><i>Saint Jean de la Croix<\/i><\/font><\/td>\n<\/tr>\n<\/tbody>\n<\/table>\n<p> <\/p>\n<table bgcolor =\"FFF6F0\" border=0>\n<tbody>\n<tr>\n<td><font color=\"00CC00\"><\/p>\n<div align=\"center\"><img decoding=\"async\" src=\"\/IMG\/personnes\/adelaide.jpg\" width=200><br \/><i>Sainte Al\u00e9la\u00efde<\/i><\/div>\n<p><\/font><\/td>\n<td><font color=\"00CC00\"><\/p>\n<div align=\"center\">\n<br \/> <br \/>\n<b>Samedi 16 d\u00e9cembre<\/b><br \/>\n<i>Sainte Ad\u00e9la\u00efde<\/i><br \/>\n18 h 30 &#8211; Messe \u00e0 Villiers pour Jean ROSIER, Jacqueline  VALLET et Lo\u00efc MEUNIER.<br \/>\nVente de chocolats au profit du BURKINA FASO.<\/p>\n<p><b>Dimanche 17 d\u00e9cembre<\/b> <br \/> <br \/>\n9 h 45 &#8211; TROISIEME DIMANCHE DE L&rsquo;AVENT<br \/>\nMesse \u00e0 Cr\u00e9cy pour Bernadette POTRAWIAK, Patrick FARAOULT et Jean-Claude SIMON.<br \/>\nVente de \u00ab\u00a0bougies de No\u00ebl\u00a0\u00bb par le Secours Catholique.\n<\/div>\n<p><\/font><\/td>\n<\/tr>\n<\/tbody>\n<\/table>\n<\/div>\n","protected":false},"excerpt":{"rendered":"<p>Voici les annonces de la semaine du lundi 11 au dimanche 17 d\u00e9cembre 2017 pour la paroisse des 3 clochers Cr\u00e9cy-la-Chapelle, Villiers-sur-Morin, Voulangis. Samedi 16 \u00e0\u00a0 18 h 30, messe \u00e0\u00a0 Villiers, Dimanche 17&#46;&#46;&#46;<\/p>\n","protected":false},"author":2,"featured_media":0,"comment_status":"open","ping_status":"open","sticky":false,"template":"","format":"standard","meta":{"footnotes":""},"categories":[],"tags":[],"class_list":["post-1102","post","type-post","status-publish","format-standard","hentry"],"_links":{"self":[{"href":"http:\/\/www.chapelle-crecy.com\/index.php?rest_route=\/wp\/v2\/posts\/1102","targetHints":{"allow":["GET"]}}],"collection":[{"href":"http:\/\/www.chapelle-crecy.com\/index.php?rest_route=\/wp\/v2\/posts"}],"about":[{"href":"http:\/\/www.chapelle-crecy.com\/index.php?rest_route=\/wp\/v2\/types\/post"}],"author":[{"embeddable":true,"href":"http:\/\/www.chapelle-crecy.com\/index.php?rest_route=\/wp\/v2\/users\/2"}],"replies":[{"embeddable":true,"href":"http:\/\/www.chapelle-crecy.com\/index.php?rest_route=%2Fwp%2Fv2%2Fcomments&post=1102"}],"version-history":[{"count":0,"href":"http:\/\/www.chapelle-crecy.com\/index.php?rest_route=\/wp\/v2\/posts\/1102\/revisions"}],"wp:attachment":[{"href":"http:\/\/www.chapelle-crecy.com\/index.php?rest_route=%2Fwp%2Fv2%2Fmedia&parent=1102"}],"wp:term":[{"taxonomy":"category","embeddable":true,"href":"http:\/\/www.chapelle-crecy.com\/index.php?rest_route=%2Fwp%2Fv2%2Fcategories&post=1102"},{"taxonomy":"post_tag","embeddable":true,"href":"http:\/\/www.chapelle-crecy.com\/index.php?rest_route=%2Fwp%2Fv2%2Ftags&post=1102"}],"curies":[{"name":"wp","href":"https:\/\/api.w.org\/{rel}","templated":true}]}}