{"id":1104,"date":"2017-12-15T22:19:26","date_gmt":"2017-12-15T22:19:26","guid":{"rendered":""},"modified":"-0001-11-30T00:00:00","modified_gmt":"-0001-11-29T22:00:00","slug":"","status":"publish","type":"post","link":"http:\/\/www.chapelle-crecy.com\/?p=1104","title":{"rendered":"Annonces du 18 au 25 d\u00e9c. 2017"},"content":{"rendered":"<div align=\"justify\">Voici les annonces de la semaine du lundi 18 au lundi 25 d\u00e9cembre 2017 pour la paroisse des 3 clochers Cr\u00e9cy-la-Chapelle, Villiers-sur-Morin, Voulangis. <\/p>\n<p>Samedi 23 \u00e0\u00a0 18 h 30, messe \u00e0\u00a0 Voulangis, <br \/>\nDimanche 24 \u00e0\u00a0 9 h 45, messe \u00e0\u00a0 Cr\u00e9cy. <\/p>\n<p>Dimanche 24 \u00e0\u00a0 18 h 30, veill\u00e9e de no\u00f6l \u00e0\u00a0 Cr\u00e9cy<br \/> <br \/>\nLundi 25 \u00e0\u00a0 9h45 , messe de la nativit\u00e9 \u00e0\u00a0 Villiers<br \/>\nTous les d\u00e9tails dans la suite &#8230;\n<\/div>\n<div align=\"center\">\n<table bgcolor =\"F0F0F6\" border=0>\n<tbody>\n<td><font color=\"0E0C40\"><\/p>\n<div align=\"center\"><img decoding=\"async\" src=\"\/IMG\/jpg\/creche-SC-2017.jpg\"  width=300><\/div>\n<p><\/font><\/td>\n<td ><font color=\"0E0C40\"><\/p>\n<div align=\"center\">\n<b>Lundi 18 d\u00e9cembre<\/b><br \/>\n17 h &#8211; C\u00e9l\u00e9bration \u00e0 la Maison de Retraite<\/p>\n<p> <br \/>\n<b>Mardi 19 d\u00e9cembre<\/b><br \/>\n18 h &#8211; Messe \u00e0 Cr\u00e9cy pour Marc CALONNE, Claude BAROT et Colette VALLEE.<br \/>\n20 h 30 &#8211; A Cr\u00e9cy, C\u00e9l\u00e9bration p\u00e9nitentielle avec confession individuelle.<\/p>\n<p><b>Mercredi 20 d\u00e9cembre<\/b><br \/>\n9 h &#8211; Messe \u00e0 Cr\u00e9cy pour Nadine FELIX, Patrick ESPERET et Ren\u00e9e MISCHEL.<br \/>\n11 h &#8211; A Cr\u00e9cy, obs\u00e8ques de Jeannette CLAPTIEN n\u00e9e MEKERKE.\n<\/td>\n<\/tr>\n<\/tbody>\n<\/table>\n<p> <\/p>\n<table bgcolor =\"F0F6FA\" border=0>\n<tbody>\n<tr>\n<td><font color=\"AE0F40\"><\/p>\n<div align=\"center\">\n<b>Jeudi 21 d\u00e9cembre<\/b><br \/>\n10 h &#8211; A Voulangis, obs\u00e8ques de Guy de ALDECOA.<\/p>\n<p><b>Vendredi 22 d\u00e9cembre<\/b><br \/> <br \/>\n9 h &#8211; Messe \u00e0 Cr\u00e9cy pour R\u00e9mi GHENIN, Colette NOURY et Rose-Marie DECOUTTERE.<\/div>\n<p><\/font><\/td>\n<td><font color=\"AE0F40\"><\/p>\n<div align=\"center\"><img decoding=\"async\" src=\"\/IMG\/jpg\/creche4.jpg\"  width=300><\/font><\/td>\n<\/tr>\n<\/tbody>\n<\/table>\n<p> <\/p>\n<table bgcolor =\"FFF6F0\" border=0>\n<tbody>\n<tr>\n<td><font color=\"00CC00\"><\/p>\n<div align=\"center\"><img decoding=\"async\" src=\"\/IMG\/jpg\/creche3.jpg\"  width=300><\/div>\n<p><\/font><\/td>\n<td><font color=\"00CC00\"><\/p>\n<div align=\"center\">\n<br \/> <br \/>\n<b>Samedi 23 d\u00e9cembre<\/b><br \/>\n18 h 30 &#8211; Messe \u00e0 Voulangis pour Patrick RIVALAN, Yvette MARILLIER  et Yvette PELOUX.<\/p>\n<p>\n<b>Dimanche 24 d\u00e9cembre<\/b> <br \/> <br \/>\nQUATRIEME DIMANCHE DE L&rsquo;AVENT<br \/>\n9 h 45 &#8211; Messe \u00e0 Cr\u00e9cy  pour  Jacqueline VALLET,  Emile PENICAUD et Michel DEDIEU.<br \/>\n18 h 30 &#8211; \u00e0 Cr\u00e9cy, MESSE DE LA NUIT DE NOEL.<\/p>\n<p>ce soir de No\u00ebl : QUETE POUR LA CONSTRUCTION DE NOUVELLES          EGLISES  DANS LE DIOCESE.<\/p>\n<p><b>Lundi 25 d\u00e9cembre<\/b> <br \/> <br \/>\n9 h 45 &#8211; Messe de la nativit\u00e9 \u00e0 Villiers.\n<\/div>\n<p><\/font><\/td>\n<\/tr>\n<\/tbody>\n<\/table>\n<\/div>\n","protected":false},"excerpt":{"rendered":"<p>Voici les annonces de la semaine du lundi 18 au lundi 25 d\u00e9cembre 2017 pour la paroisse des 3 clochers Cr\u00e9cy-la-Chapelle, Villiers-sur-Morin, Voulangis. Samedi 23 \u00e0\u00a0 18 h 30, messe \u00e0\u00a0 Voulangis, Dimanche 24&#46;&#46;&#46;<\/p>\n","protected":false},"author":2,"featured_media":0,"comment_status":"open","ping_status":"open","sticky":false,"template":"","format":"standard","meta":{"footnotes":""},"categories":[],"tags":[],"class_list":["post-1104","post","type-post","status-publish","format-standard","hentry"],"_links":{"self":[{"href":"http:\/\/www.chapelle-crecy.com\/index.php?rest_route=\/wp\/v2\/posts\/1104","targetHints":{"allow":["GET"]}}],"collection":[{"href":"http:\/\/www.chapelle-crecy.com\/index.php?rest_route=\/wp\/v2\/posts"}],"about":[{"href":"http:\/\/www.chapelle-crecy.com\/index.php?rest_route=\/wp\/v2\/types\/post"}],"author":[{"embeddable":true,"href":"http:\/\/www.chapelle-crecy.com\/index.php?rest_route=\/wp\/v2\/users\/2"}],"replies":[{"embeddable":true,"href":"http:\/\/www.chapelle-crecy.com\/index.php?rest_route=%2Fwp%2Fv2%2Fcomments&post=1104"}],"version-history":[{"count":0,"href":"http:\/\/www.chapelle-crecy.com\/index.php?rest_route=\/wp\/v2\/posts\/1104\/revisions"}],"wp:attachment":[{"href":"http:\/\/www.chapelle-crecy.com\/index.php?rest_route=%2Fwp%2Fv2%2Fmedia&parent=1104"}],"wp:term":[{"taxonomy":"category","embeddable":true,"href":"http:\/\/www.chapelle-crecy.com\/index.php?rest_route=%2Fwp%2Fv2%2Fcategories&post=1104"},{"taxonomy":"post_tag","embeddable":true,"href":"http:\/\/www.chapelle-crecy.com\/index.php?rest_route=%2Fwp%2Fv2%2Ftags&post=1104"}],"curies":[{"name":"wp","href":"https:\/\/api.w.org\/{rel}","templated":true}]}}