{"id":1105,"date":"2017-12-20T11:51:34","date_gmt":"2017-12-20T11:51:34","guid":{"rendered":""},"modified":"-0001-11-30T00:00:00","modified_gmt":"-0001-11-29T22:00:00","slug":"","status":"publish","type":"post","link":"http:\/\/www.chapelle-crecy.com\/?p=1105","title":{"rendered":"Soir\u00e9e de l&rsquo;amiti\u00e9 2018"},"content":{"rendered":"<p>La soir\u00e9e de l&rsquo;amiti\u00e9 aura lieu samedi 3 f\u00e9vrier \u00e0 19h45 \u00e0 Cr\u00e9cy, salle Altmann.<br \/>\nR\u00e9servations \u00e0 la sortie des messes \u00e0 partir du 6 janvier.<\/p>\n<div align=\"center\">\n<img decoding=\"async\" src=\"\/IMG\/jpg\/sa2013\/DSC_6025.JPG\" ><\/div>\n","protected":false},"excerpt":{"rendered":"<p>La soir\u00e9e de l&rsquo;amiti\u00e9 aura lieu samedi 3 f\u00e9vrier \u00e0 19h45 \u00e0 Cr\u00e9cy, salle Altmann. R\u00e9servations \u00e0 la sortie des messes \u00e0 partir du 6 janvier.<\/p>\n","protected":false},"author":2,"featured_media":0,"comment_status":"open","ping_status":"open","sticky":false,"template":"","format":"standard","meta":{"footnotes":""},"categories":[],"tags":[],"class_list":["post-1105","post","type-post","status-publish","format-standard","hentry"],"_links":{"self":[{"href":"http:\/\/www.chapelle-crecy.com\/index.php?rest_route=\/wp\/v2\/posts\/1105","targetHints":{"allow":["GET"]}}],"collection":[{"href":"http:\/\/www.chapelle-crecy.com\/index.php?rest_route=\/wp\/v2\/posts"}],"about":[{"href":"http:\/\/www.chapelle-crecy.com\/index.php?rest_route=\/wp\/v2\/types\/post"}],"author":[{"embeddable":true,"href":"http:\/\/www.chapelle-crecy.com\/index.php?rest_route=\/wp\/v2\/users\/2"}],"replies":[{"embeddable":true,"href":"http:\/\/www.chapelle-crecy.com\/index.php?rest_route=%2Fwp%2Fv2%2Fcomments&post=1105"}],"version-history":[{"count":0,"href":"http:\/\/www.chapelle-crecy.com\/index.php?rest_route=\/wp\/v2\/posts\/1105\/revisions"}],"wp:attachment":[{"href":"http:\/\/www.chapelle-crecy.com\/index.php?rest_route=%2Fwp%2Fv2%2Fmedia&parent=1105"}],"wp:term":[{"taxonomy":"category","embeddable":true,"href":"http:\/\/www.chapelle-crecy.com\/index.php?rest_route=%2Fwp%2Fv2%2Fcategories&post=1105"},{"taxonomy":"post_tag","embeddable":true,"href":"http:\/\/www.chapelle-crecy.com\/index.php?rest_route=%2Fwp%2Fv2%2Ftags&post=1105"}],"curies":[{"name":"wp","href":"https:\/\/api.w.org\/{rel}","templated":true}]}}