{"id":111,"date":"2009-04-24T00:00:00","date_gmt":"2009-04-24T00:00:00","guid":{"rendered":""},"modified":"-0001-11-30T00:00:00","modified_gmt":"-0001-11-29T22:00:00","slug":"","status":"publish","type":"post","link":"http:\/\/www.chapelle-crecy.com\/?p=111","title":{"rendered":"LE SECOURS CATHOLIQUE 2009"},"content":{"rendered":"<table bgcolor =\"F0FAFF\" border=0>\n<tbody>\n<tr>\n<td>\n<div align=\"justify\">Le Secours catholique a une antenne dans la paroisse de Cr\u00e9cy. Elle offre soutien scolaire, accueil et \u00e9coute, aide financi\u00e8re et aide aux d\u00e9marches administratives, alphab\u00e9tisation, aide alimentaire, visite \u00e0\u00a0 domicile, ateliers divers: cuisine, etc.<br \/>\nResponsable : Evelyne REYDEL<\/div>\n<\/td>\n<\/tr>\n<\/tbody>\n<\/table>\n<table bgcolor =\"F0FAFF\" border=0>\n<tbody>\n<tr>\n<td>\n<div align=\"justify\">Le Secours catholique a sa permanence (hors p\u00e9riodes scolaires):<br \/>\n les horaires:<br \/>\n&#8211; le lundi de 15h \u00e0 17h30.<br \/>\n&#8211; le samedi de 9h30 \u00e0 12h00.<\/p>\n<p> O\u00f9?<br \/>\n au 45, rue du G\u00e9n\u00e9ral Leclerc \u00e0 Cr\u00e9cy-la-Chapelle.<\/p>\n<p> Contacts:<br \/>\n Tel : 06.30.42.34.58<br \/>\n E-mail: sc77.crecy@sfr.fr<\/p>\n<p>Equipe : Evelyne Reydel, Annie Tassain, Brigitte Calonne, Eliane Macquart, Edwidge Hiegel, Fran\u00e7oise Vaczlavik, Monique Guillaumy, Isabelle Foulonneau, Annie Perrin, Isabelle Lesgent et Alain Legeay.\n<\/div>\n<\/td>\n<\/tr>\n<\/tbody>\n<\/table>\n","protected":false},"excerpt":{"rendered":"<p>Le Secours catholique a une antenne dans la paroisse de Cr\u00e9cy. Elle offre soutien scolaire, accueil et \u00e9coute, aide financi\u00e8re et aide aux d\u00e9marches administratives, alphab\u00e9tisation, aide alimentaire, visite \u00e0\u00a0 domicile, ateliers divers: cuisine,&#46;&#46;&#46;<\/p>\n","protected":false},"author":2,"featured_media":0,"comment_status":"open","ping_status":"open","sticky":false,"template":"","format":"standard","meta":{"footnotes":""},"categories":[],"tags":[],"class_list":["post-111","post","type-post","status-publish","format-standard","hentry"],"_links":{"self":[{"href":"http:\/\/www.chapelle-crecy.com\/index.php?rest_route=\/wp\/v2\/posts\/111","targetHints":{"allow":["GET"]}}],"collection":[{"href":"http:\/\/www.chapelle-crecy.com\/index.php?rest_route=\/wp\/v2\/posts"}],"about":[{"href":"http:\/\/www.chapelle-crecy.com\/index.php?rest_route=\/wp\/v2\/types\/post"}],"author":[{"embeddable":true,"href":"http:\/\/www.chapelle-crecy.com\/index.php?rest_route=\/wp\/v2\/users\/2"}],"replies":[{"embeddable":true,"href":"http:\/\/www.chapelle-crecy.com\/index.php?rest_route=%2Fwp%2Fv2%2Fcomments&post=111"}],"version-history":[{"count":0,"href":"http:\/\/www.chapelle-crecy.com\/index.php?rest_route=\/wp\/v2\/posts\/111\/revisions"}],"wp:attachment":[{"href":"http:\/\/www.chapelle-crecy.com\/index.php?rest_route=%2Fwp%2Fv2%2Fmedia&parent=111"}],"wp:term":[{"taxonomy":"category","embeddable":true,"href":"http:\/\/www.chapelle-crecy.com\/index.php?rest_route=%2Fwp%2Fv2%2Fcategories&post=111"},{"taxonomy":"post_tag","embeddable":true,"href":"http:\/\/www.chapelle-crecy.com\/index.php?rest_route=%2Fwp%2Fv2%2Ftags&post=111"}],"curies":[{"name":"wp","href":"https:\/\/api.w.org\/{rel}","templated":true}]}}