{"id":1112,"date":"2018-01-07T15:09:00","date_gmt":"2018-01-07T15:09:00","guid":{"rendered":""},"modified":"-0001-11-30T00:00:00","modified_gmt":"-0001-11-29T22:00:00","slug":"","status":"publish","type":"post","link":"http:\/\/www.chapelle-crecy.com\/?p=1112","title":{"rendered":"En ce premier dimanche de l&rsquo;ann\u00e9e  bonne f\u00eate de l&rsquo;Epiphanie"},"content":{"rendered":"<div align=\"justify\">J\u00e9sus \u00e9tait n\u00e9 \u00e0\u00a0 Bethl\u00e9em en Jud\u00e9e, au temps du roi H\u00e9rode le Grand. Or, voici que des mages venus d&rsquo;Orient arriv\u00e8rent \u00e0\u00a0 J\u00e9rusalem et demand\u00e8rent :\u00ab O\u00f9 est le roi des Juifs qui vient de na\u00eetre ? Nous avons vu son \u00e9toile \u00e0\u00a0 l&rsquo;Orient et nous sommes venus nous prosterner devant lui. \u00bb En apprenant cela, le roi H\u00e9rode fut boulevers\u00e9, et tout J\u00e9rusalem avec lui. Il r\u00e9unit &#8230;<\/div>\n<div align=\"justify\">\n &#8230; tous les grands pr\u00eatres et les scribes du peuple, pour leur demander o\u00f9 devait na \u00eetre le Christ. Ils lui r\u00e9pondirent :\u00ab A Bethl\u00e9em en Jud\u00e9e, car voici ce qui est \u00e9crit par le proph\u00e8te: Et toi, Bethl\u00e9em, terre de Juda, tu n&rsquo;es certes pas le dernier parmi les chefs-lieux de Juda, car de toi sortira un chef, qui sera le berger de mon peuple Isra\u00ebl.\u00bb Alors H\u00e9rode convoqua les mages en secret pour leur faire pr\u00e9ciser \u00e0 quelle date l&rsquo;\u00e9toile \u00e9tait apparue; puis il les envoya \u00e0 Bethl\u00e9em, en leur disant :\u00ab Allez-vous renseigner avec pr\u00e9cision sur l&rsquo;enfant. Et quand vous l&rsquo;aurez trouv\u00e9, venez me l&rsquo;annoncer pour que j&rsquo;aille, moi aussi, me prosterner devant lui.\u00bb Apr\u00e8s avoir entendu le roi, ils partirent.<\/p>\n<p> Et voici que l&rsquo;\u00e9toile qu&rsquo;ils avaient vue \u00e0 l&rsquo;Orient les pr\u00e9c\u00e9dait, jusqu&rsquo;\u00e0 ce qu&rsquo;elle vienne s&rsquo;arr\u00eater au-dessus de l&rsquo;endroit o\u00f9 se trouvait l&rsquo;enfant. Quand ils virent l&rsquo;\u00e9toile, ils se r\u00e9jouirent d&rsquo;une tr\u00e8s grande joie. Ils entr\u00e8rent dans la maison, ils virent l&rsquo;enfant avec Marie sa m\u00e8re; et, tombant \u00e0 ses pieds, ils se prostern\u00e8rent devant lui. Ils ouvrirent leurs coffrets, et lui offrirent leurs pr\u00e9sents: de l&rsquo;or, de l&rsquo;encens et de la myrrhe.<\/p>\n<p> Mais, avertis en songe de ne pas retourner chez H\u00e9rode, ils regagn\u00e8rent leur pays par un autre chemin.\u00a0\u00bb\n<\/p><\/div>\n","protected":false},"excerpt":{"rendered":"<p>J\u00e9sus \u00e9tait n\u00e9 \u00e0\u00a0 Bethl\u00e9em en Jud\u00e9e, au temps du roi H\u00e9rode le Grand. Or, voici que des mages venus d&rsquo;Orient arriv\u00e8rent \u00e0\u00a0 J\u00e9rusalem et demand\u00e8rent :\u00ab O\u00f9 est le roi des Juifs qui&#46;&#46;&#46;<\/p>\n","protected":false},"author":2,"featured_media":0,"comment_status":"open","ping_status":"open","sticky":false,"template":"","format":"standard","meta":{"footnotes":""},"categories":[],"tags":[],"class_list":["post-1112","post","type-post","status-publish","format-standard","hentry"],"_links":{"self":[{"href":"http:\/\/www.chapelle-crecy.com\/index.php?rest_route=\/wp\/v2\/posts\/1112","targetHints":{"allow":["GET"]}}],"collection":[{"href":"http:\/\/www.chapelle-crecy.com\/index.php?rest_route=\/wp\/v2\/posts"}],"about":[{"href":"http:\/\/www.chapelle-crecy.com\/index.php?rest_route=\/wp\/v2\/types\/post"}],"author":[{"embeddable":true,"href":"http:\/\/www.chapelle-crecy.com\/index.php?rest_route=\/wp\/v2\/users\/2"}],"replies":[{"embeddable":true,"href":"http:\/\/www.chapelle-crecy.com\/index.php?rest_route=%2Fwp%2Fv2%2Fcomments&post=1112"}],"version-history":[{"count":0,"href":"http:\/\/www.chapelle-crecy.com\/index.php?rest_route=\/wp\/v2\/posts\/1112\/revisions"}],"wp:attachment":[{"href":"http:\/\/www.chapelle-crecy.com\/index.php?rest_route=%2Fwp%2Fv2%2Fmedia&parent=1112"}],"wp:term":[{"taxonomy":"category","embeddable":true,"href":"http:\/\/www.chapelle-crecy.com\/index.php?rest_route=%2Fwp%2Fv2%2Fcategories&post=1112"},{"taxonomy":"post_tag","embeddable":true,"href":"http:\/\/www.chapelle-crecy.com\/index.php?rest_route=%2Fwp%2Fv2%2Ftags&post=1112"}],"curies":[{"name":"wp","href":"https:\/\/api.w.org\/{rel}","templated":true}]}}