{"id":1113,"date":"2018-01-12T21:13:50","date_gmt":"2018-01-12T21:13:50","guid":{"rendered":""},"modified":"-0001-11-30T00:00:00","modified_gmt":"-0001-11-29T22:00:00","slug":"","status":"publish","type":"post","link":"http:\/\/www.chapelle-crecy.com\/?p=1113","title":{"rendered":"Annonces du 13 au 21 janvier 2018"},"content":{"rendered":"<div align=\"justify\">Voici les annonces de la semaine du samedi 13 au dimanche 21 janvier 2018 pour la paroisse des 3 clochers Cr\u00e9cy-la-Chapelle, Villiers-sur-Morin, Voulangis. <\/p>\n<p>Samedi 13 janvier \u00e0\u00a0 18 h 30, messe \u00e0\u00a0 Voulangis, <br \/>\nDimanche 14 janvier \u00e0\u00a0 9 h 45, messe \u00e0\u00a0 Cr\u00e9cy. <br \/> <br \/>\nSamedi 20 janvier \u00e0\u00a0 18 h 30, messe \u00e0\u00a0 Villiers, <br \/>\nDimanche 21 janvier \u00e0\u00a0 9 h 45, messe \u00e0\u00a0 Cr\u00e9cy. <\/p>\n<p>Tous les d\u00e9tails dans la suite &#8230;\n<\/p><\/div>\n<div align=\"center\">\n<table bgcolor =\"FFF6F0\" border=0>\n<tbody>\n<tr>\n<td><font color=\"00CC00\"><\/p>\n<div align=\"center\"><img decoding=\"async\" src=\"\/IMG\/personnes\/remy.jpg\"  width=200><br \/><i>Saint R\u00e9my<\/i><\/div>\n<p><\/font><\/td>\n<td width=400><font color=\"00CC00\"><\/p>\n<div align=\"center\">\n<b>Samedi 13 janvier<\/b><br \/>\n<i>Saint Hilaire<\/i><br \/> <br \/>\n18 h 30 &#8211; Messe \u00e0 Voulangis pour Maryvonne MATHONNET.<\/p>\n<p><b>Dimanche 14 janvier<\/b> <br \/> <br \/>\n9 h 45 &#8211; Messe \u00e0 Cr\u00e9cy pour Madeleine LARDEAU. Nous prions aussi pour Barnab\u00e9 SAGBO et Raoul TCHOCHO ainsi que pour Suzanne BARRAS inhum\u00e9e cette semaine.<\/p>\n<p><b>Lundi 15 janvier<\/b> <br \/> <br \/>\n<i>Saint R\u00e9mi, Ev\u00eaque de Reims <\/i><br \/>\n17 h &#8211;  Messe \u00e0 la Maison de Retraite.<br \/>\n20 h 30 &#8211;  R\u00e9union de l&rsquo;Equipe d&rsquo;Animation Pastorale.\n<\/div>\n<p><\/font><\/td>\n<\/tr>\n<\/tbody>\n<\/table>\n<\/div>\n<p> <\/p>\n<div align=\"center\">\n<table bgcolor =\"F0F0F6\" border=0>\n<tbody>\n<td width=400><font color=\"0E0C40\"><\/p>\n<div align=\"center\">\n<b>Mardi 16 janvier <\/b><br \/>\n<i>St Marcel<\/i><br \/>\n18 h &#8211; Messe \u00e0 Cr\u00e9cy.<\/p>\n<p><b>Mercredi 17 janvier et Jeudi 18 janvier<\/b><br \/>\nPas de messe en paroisse.<\/div>\n<p><\/font><\/td>\n<td><font color=\"0E0C40\"><\/p>\n<div align=\"center\"><img decoding=\"async\" src=\"\/IMG\/personnes\/marcel.jpg\" width=250><br \/><i>St Marcel<\/i><\/div>\n<p><\/font><\/td>\n<\/tr>\n<\/tbody>\n<\/table>\n<p> <\/p>\n<table bgcolor =\"FFF6F0\" border=0>\n<tbody>\n<tr>\n<td><font color=\"00CC00\"><\/p>\n<div align=\"center\"><img decoding=\"async\" src=\"\/IMG\/personnes\/fabien.jpg\" width=200><br \/>\n<i>Saint Fabien<\/i><\/div>\n<p><\/font><\/td>\n<td width=400><font color=\"00CC00\"><\/p>\n<div align=\"center\">\n<b>Vendredi 19 janvier<\/b><br \/> <br \/>\n9 h &#8211; Messe \u00e0 Cr\u00e9cy.<br \/> <br \/>\n10 h &#8211; A Cr\u00e9cy, obs\u00e8ques de  Suzanne BARRAS n\u00e9e REVERCHON. <\/p>\n<p><b>Samedi 20 janvier<\/b><br \/>\n<i>Saint Fabien<\/i><br \/>\n18 h 30 &#8211; Messe \u00e0 Voulangis pour Maryvonne MATHONNET.<\/p>\n<p><b>Dimanche 21 janvier<\/b> <br \/> <br \/>\n9 h 45 -Messe \u00e0 Cr\u00e9cy pour Michel ROUQUAIROL.<\/p>\n<p>samedi 20 et dimanche 21 janvier :<br \/>\nQUETE SPECIALE POUR LES SEMINARISTES\n<\/p><\/div>\n<p><\/font><\/td>\n<\/tr>\n<\/tbody>\n<\/table>\n<\/div>\n","protected":false},"excerpt":{"rendered":"<p>Voici les annonces de la semaine du samedi 13 au dimanche 21 janvier 2018 pour la paroisse des 3 clochers Cr\u00e9cy-la-Chapelle, Villiers-sur-Morin, Voulangis. Samedi 13 janvier \u00e0\u00a0 18 h 30, messe \u00e0\u00a0 Voulangis, Dimanche&#46;&#46;&#46;<\/p>\n","protected":false},"author":2,"featured_media":0,"comment_status":"open","ping_status":"open","sticky":false,"template":"","format":"standard","meta":{"footnotes":""},"categories":[],"tags":[],"class_list":["post-1113","post","type-post","status-publish","format-standard","hentry"],"_links":{"self":[{"href":"http:\/\/www.chapelle-crecy.com\/index.php?rest_route=\/wp\/v2\/posts\/1113","targetHints":{"allow":["GET"]}}],"collection":[{"href":"http:\/\/www.chapelle-crecy.com\/index.php?rest_route=\/wp\/v2\/posts"}],"about":[{"href":"http:\/\/www.chapelle-crecy.com\/index.php?rest_route=\/wp\/v2\/types\/post"}],"author":[{"embeddable":true,"href":"http:\/\/www.chapelle-crecy.com\/index.php?rest_route=\/wp\/v2\/users\/2"}],"replies":[{"embeddable":true,"href":"http:\/\/www.chapelle-crecy.com\/index.php?rest_route=%2Fwp%2Fv2%2Fcomments&post=1113"}],"version-history":[{"count":0,"href":"http:\/\/www.chapelle-crecy.com\/index.php?rest_route=\/wp\/v2\/posts\/1113\/revisions"}],"wp:attachment":[{"href":"http:\/\/www.chapelle-crecy.com\/index.php?rest_route=%2Fwp%2Fv2%2Fmedia&parent=1113"}],"wp:term":[{"taxonomy":"category","embeddable":true,"href":"http:\/\/www.chapelle-crecy.com\/index.php?rest_route=%2Fwp%2Fv2%2Fcategories&post=1113"},{"taxonomy":"post_tag","embeddable":true,"href":"http:\/\/www.chapelle-crecy.com\/index.php?rest_route=%2Fwp%2Fv2%2Ftags&post=1113"}],"curies":[{"name":"wp","href":"https:\/\/api.w.org\/{rel}","templated":true}]}}