{"id":1114,"date":"2018-01-20T12:09:24","date_gmt":"2018-01-20T12:09:24","guid":{"rendered":""},"modified":"-0001-11-30T00:00:00","modified_gmt":"-0001-11-29T22:00:00","slug":"","status":"publish","type":"post","link":"http:\/\/www.chapelle-crecy.com\/?p=1114","title":{"rendered":"Annonces du 20 au 28 janvier 2018"},"content":{"rendered":"<div align=\"justify\">Voici les annonces de la semaine du samedi 20 au dimanche 28 janvier 2018 pour la paroisse des 3 clochers Cr\u00e9cy-la-Chapelle, Villiers-sur-Morin, Voulangis. <\/p>\n<p>Samedi 20 janvier \u00e0\u00a0 18 h 30, messe \u00e0\u00a0 Villiers, <br \/>\nDimanche 21 janvier \u00e0\u00a0 9 h 45, messe \u00e0\u00a0 Cr\u00e9cy. <br \/>\nSamedi 27 janvier \u00e0\u00a0 18 h 30, messe \u00e0\u00a0 Voulangis, <br \/>\nDimanche 28 janvier \u00e0\u00a0 9 h 45, messe \u00e0\u00a0 Cr\u00e9cy. <\/p>\n<p>Tous les d\u00e9tails dans la suite &#8230;\n<\/p><\/div>\n<div align=\"center\">\n<table bgcolor =\"FFF6F0\" border=0>\n<tbody>\n<tr>\n<td><font color=\"00CC00\"><\/p>\n<div align=\"center\"><img decoding=\"async\" src=\"\/IMG\/personnes\/fabien.jpg\"  width=200><br \/><i>Saint Fabien<\/i><\/div>\n<p><\/font><\/td>\n<td width=400><font color=\"00CC00\"><\/p>\n<div align=\"center\">\n<b>Samedi 20 janvier<\/b><br \/>\n<i>Saint Fabien<\/i><br \/>\n18 h 30 &#8211; Messe \u00e0 Villiers pour Ren\u00e9e HENQUIN et Suzanne LELARD.<\/p>\n<p><b>Dimanche 21 janvier<\/b> <br \/> <br \/>\n9 h 45 &#8211; Messe \u00e0 Cr\u00e9cy pour Michel ROUQUAIROL.<br \/>\nBapt\u00eame de Lou KHANN et Charbel MEYOMESSE. <br \/>\nsamedi 20 et dimanche 21 janvier :<br \/>\nQUETE SPECIALE POUR LES SEMINARISTES.<\/p>\n<p><b>Lundi 22 janvier<\/b> <br \/> <br \/>\n<i>Saint Vincent <\/i><br \/>\n10 h &#8211; Obs\u00e8ques \u00e0 Cr\u00e9cy de Catherine RUYDAVET<br \/>\n17 h &#8211;  C\u00e9l\u00e9bration \u00e0 la Maison de Retraite.\n<\/div>\n<p><\/font><\/td>\n<\/tr>\n<\/tbody>\n<\/table>\n<\/div>\n<p> <\/p>\n<div align=\"center\">\n<table bgcolor =\"F0F0F6\" border=0>\n<tbody>\n<td width=400><font color=\"0E0C40\"><\/p>\n<div align=\"center\">\n<b>Mardi 23 janvier <\/b><br \/>\nPas de Messe en Paroisse<\/p>\n<p><b>Mercredi 24 janvier<\/b><br \/>\n<i>Saint Fran\u00e7ois de Sales<\/i><br \/>\n9h &#8211; Messe \u00e0 Cr\u00e9cy.<\/p>\n<p><b>Jeudi 25 janvier<\/b><br \/>\n9h &#8211; Messe \u00e0 Cr\u00e9cy.<\/p>\n<p>.<\/p><\/div>\n<p><\/font><\/td>\n<td><font color=\"0E0C40\"><\/p>\n<div align=\"center\"><img decoding=\"async\" src=\"\/IMG\/personnes\/francois_sales.jpg\" width=250><br \/><i>Saint Fran\u00e7ois de Sales<\/i><\/div>\n<p><\/font><\/td>\n<\/tr>\n<\/tbody>\n<\/table>\n<p> <\/p>\n<table bgcolor =\"FFF6F0\" border=0>\n<tbody>\n<tr>\n<td><font color=\"00CC00\"><\/p>\n<div align=\"center\"><img decoding=\"async\" src=\"\/IMG\/personnes\/thomas_daquin.jpg\" width=200><br \/>\n<i>Saint Thomas d&rsquo;Aquin<\/i><\/div>\n<p><\/font><\/td>\n<td width=400><font color=\"00CC00\"><\/p>\n<div align=\"center\">\n<b>Vendredi 26 janvier<\/b><br \/>\n<i>Sts Timoth\u00e9e et Tite &#8211; \u00e9v\u00eaques<\/i><br \/> <br \/>\n9 h &#8211; Messe \u00e0 Cr\u00e9cy.<\/p>\n<p><b>Samedi 27 janvier<\/b><br \/>\n18 h 30 &#8211; Messe \u00e0 Voulangis pour Jean ROSIER.<\/p>\n<p><b>Dimanche 28 janvier<\/b> <br \/> <br \/>\n<i>Saint Thomas d&rsquo;Aquin<\/i><br \/>\n9 h 45 &#8211; \u00e0 Cr\u00e9cy pour Catherine RUYDAVET inhum\u00e9e lundi.<br \/>\nElle est  \u00e9galement c\u00e9l\u00e9br\u00e9e pour Gaby et Pierre BEAUMONT ainsi que Maurice MEUNIER.S\n<\/div>\n<p><\/font><\/td>\n<\/tr>\n<\/tbody>\n<\/table>\n<\/div>\n","protected":false},"excerpt":{"rendered":"<p>Voici les annonces de la semaine du samedi 20 au dimanche 28 janvier 2018 pour la paroisse des 3 clochers Cr\u00e9cy-la-Chapelle, Villiers-sur-Morin, Voulangis. Samedi 20 janvier \u00e0\u00a0 18 h 30, messe \u00e0\u00a0 Villiers, Dimanche&#46;&#46;&#46;<\/p>\n","protected":false},"author":2,"featured_media":0,"comment_status":"open","ping_status":"open","sticky":false,"template":"","format":"standard","meta":{"footnotes":""},"categories":[],"tags":[],"class_list":["post-1114","post","type-post","status-publish","format-standard","hentry"],"_links":{"self":[{"href":"http:\/\/www.chapelle-crecy.com\/index.php?rest_route=\/wp\/v2\/posts\/1114","targetHints":{"allow":["GET"]}}],"collection":[{"href":"http:\/\/www.chapelle-crecy.com\/index.php?rest_route=\/wp\/v2\/posts"}],"about":[{"href":"http:\/\/www.chapelle-crecy.com\/index.php?rest_route=\/wp\/v2\/types\/post"}],"author":[{"embeddable":true,"href":"http:\/\/www.chapelle-crecy.com\/index.php?rest_route=\/wp\/v2\/users\/2"}],"replies":[{"embeddable":true,"href":"http:\/\/www.chapelle-crecy.com\/index.php?rest_route=%2Fwp%2Fv2%2Fcomments&post=1114"}],"version-history":[{"count":0,"href":"http:\/\/www.chapelle-crecy.com\/index.php?rest_route=\/wp\/v2\/posts\/1114\/revisions"}],"wp:attachment":[{"href":"http:\/\/www.chapelle-crecy.com\/index.php?rest_route=%2Fwp%2Fv2%2Fmedia&parent=1114"}],"wp:term":[{"taxonomy":"category","embeddable":true,"href":"http:\/\/www.chapelle-crecy.com\/index.php?rest_route=%2Fwp%2Fv2%2Fcategories&post=1114"},{"taxonomy":"post_tag","embeddable":true,"href":"http:\/\/www.chapelle-crecy.com\/index.php?rest_route=%2Fwp%2Fv2%2Ftags&post=1114"}],"curies":[{"name":"wp","href":"https:\/\/api.w.org\/{rel}","templated":true}]}}