{"id":1115,"date":"2018-01-27T12:03:37","date_gmt":"2018-01-27T12:03:37","guid":{"rendered":""},"modified":"-0001-11-30T00:00:00","modified_gmt":"-0001-11-29T22:00:00","slug":"","status":"publish","type":"post","link":"http:\/\/www.chapelle-crecy.com\/?p=1115","title":{"rendered":"Annonces du 27 janvier au 4 f\u00e9vrier 2018"},"content":{"rendered":"<div align=\"justify\">Voici les annonces de la semaine du samedi 27 janvier au dimanche 4 f\u00e9vrier 2018 pour la paroisse des 3 clochers Cr\u00e9cy-la-Chapelle, Villiers-sur-Morin, Voulangis. <\/p>\n<p>Samedi 27 janvier \u00e0\u00a0 18 h 30, messe \u00e0\u00a0 Voulangis, <br \/>\nDimanche 28 janvier \u00e0\u00a0 9 h 45, messe \u00e0\u00a0 Cr\u00e9cy. <br \/> <br \/>\nSamedi 3 f\u00e9vrier \u00e0\u00a0 18 h 30, messe \u00e0\u00a0 Villiers, <br \/>\nDimanche 4 f\u00e9vrier \u00e0\u00a0 9 h 45, messe \u00e0\u00a0 Cr\u00e9cy. <\/p>\n<p>Tous les d\u00e9tails dans la suite &#8230;\n<\/p><\/div>\n<div align=\"center\">\n<table bgcolor =\"FFF6F0\" border=0>\n<tbody>\n<tr>\n<td><font color=\"00CC00\"><\/p>\n<div align=\"center\"><img decoding=\"async\" src=\"\/IMG\/personnes\/thomas_daquin.jpg\" width=200><br \/>\n<i>Saint Thomas d&rsquo;Aquin<\/i><\/div>\n<p><\/font><\/td>\n<td width=400><font color=\"00CC00\"><\/p>\n<div align=\"center\">\n<b>Samedi 27 janvier<\/b><br \/>\n18 h 30 &#8211; Messe \u00e0 Voulangis pour Jean ROSIER.<\/p>\n<p><b>Dimanche 28 janvier<\/b> <br \/> <br \/>\n<i>Saint Thomas d&rsquo;Aquin<\/i><br \/>\n9 h 45 &#8211; \u00e0 Cr\u00e9cy pour Catherine RUIDAVETS.<br \/>\nElle est \u00e9galement c\u00e9l\u00e9br\u00e9e pour Gaby et Pierre BEAUMONT ainsi que pour Maurice MEUNIER.<\/p>\n<p><b>Lundi 29 janvier<\/b> <br \/> <br \/>\n10 h &#8211; Obs\u00e8ques \u00e0 Cr\u00e9cy de Madeleine GILLET<br \/>\n17 h &#8211;  Messe \u00e0 la Maison de Retraite.\n<\/div>\n<p><\/font><\/td>\n<\/tr>\n<\/tbody>\n<\/table>\n<\/div>\n<p> <\/p>\n<div align=\"center\">\n<table bgcolor =\"F0F0F6\" border=0>\n<tbody>\n<td width=400><font color=\"0E0C40\"><\/p>\n<div align=\"center\">\n<b>Mardi 30 janvier <\/b><br \/>\n<i>Sainte Bathilde<\/i><br \/>\n18 h &#8211; Messe \u00e0 Cr\u00e9cy.<\/p>\n<p><b>Mercredi 31 janvier<\/b><br \/>\n<i>St Jean Bosco<\/i><br \/>\n9h &#8211; Messe \u00e0 Cr\u00e9cy.<\/p>\n<p><b>Jeudi 1er f\u00e9vrier<\/b><br \/>\nPas de messe en paroisse.<\/div>\n<p><\/font><\/td>\n<td><font color=\"0E0C40\"><\/p>\n<div align=\"center\"><img decoding=\"async\" src=\"\/IMG\/personnes\/bathilde.jpg\" width=250><br \/><i>Sainte Bathilde<\/i><\/div>\n<p><\/font><\/td>\n<\/tr>\n<\/tbody>\n<\/table>\n<p> <\/p>\n<table bgcolor =\"FFF6F0\" border=0>\n<tbody>\n<tr>\n<td><font color=\"00CC00\"><\/p>\n<div align=\"center\"><img decoding=\"async\" src=\"\/IMG\/personnes\/blaise.jpg\" width=200><br \/>\n<i>Saint Blaise<\/i><\/div>\n<p><\/font><\/td>\n<td width=400><font color=\"00CC00\"><\/p>\n<div align=\"center\">\n<b>Vendredi 2 f\u00e9vrier<\/b><br \/>\n<i>Pr\u00e9sentation du Seigneur<\/i><br \/> <br \/>\n9 h &#8211; Messe  anniversaire \u00e0 Cr\u00e9cy pour Loic MEUNIER et Gis\u00e8le WACK.<br \/>\nde 9 h 30 \u00e0 10 h &#8211; Adoration du Saint Sacrement.<\/p>\n<p><b>Samedi 3 f\u00e9vrier<\/b><br \/>\n<i>Saint Blaise<\/i><br \/>\n18 h 30 &#8211; Messe anniversaire \u00e0 Villiers pour Patrice ESPERET.<br \/>\nNous prierons aussi pour Madeleine GILLET inhum\u00e9e cette semaine.<br \/>\n<br \/>\n<font color=\"FF0000\">19 h 45 : Soir\u00e9e de l&rsquo;Amiti\u00e9 \u00e0 la salle Altmann.<br \/> <\/font> <br \/> <br \/>\n<b>Dimanche 4 f\u00e9vrier<\/b> <br \/> <br \/>\n9 h 45 &#8211; \u00e0 Cr\u00e9cy messe anniversaire pour Claude HERVIN.<br \/>\nElle est \u00e9galement c\u00e9l\u00e9br\u00e9e pour Paul et Denise BRIANE.\n<\/div>\n<p><\/font><\/td>\n<\/tr>\n<\/tbody>\n<\/table>\n<\/div>\n","protected":false},"excerpt":{"rendered":"<p>Voici les annonces de la semaine du samedi 27 janvier au dimanche 4 f\u00e9vrier 2018 pour la paroisse des 3 clochers Cr\u00e9cy-la-Chapelle, Villiers-sur-Morin, Voulangis. Samedi 27 janvier \u00e0\u00a0 18 h 30, messe \u00e0\u00a0 Voulangis,&#46;&#46;&#46;<\/p>\n","protected":false},"author":2,"featured_media":0,"comment_status":"open","ping_status":"open","sticky":false,"template":"","format":"standard","meta":{"footnotes":""},"categories":[],"tags":[],"class_list":["post-1115","post","type-post","status-publish","format-standard","hentry"],"_links":{"self":[{"href":"http:\/\/www.chapelle-crecy.com\/index.php?rest_route=\/wp\/v2\/posts\/1115","targetHints":{"allow":["GET"]}}],"collection":[{"href":"http:\/\/www.chapelle-crecy.com\/index.php?rest_route=\/wp\/v2\/posts"}],"about":[{"href":"http:\/\/www.chapelle-crecy.com\/index.php?rest_route=\/wp\/v2\/types\/post"}],"author":[{"embeddable":true,"href":"http:\/\/www.chapelle-crecy.com\/index.php?rest_route=\/wp\/v2\/users\/2"}],"replies":[{"embeddable":true,"href":"http:\/\/www.chapelle-crecy.com\/index.php?rest_route=%2Fwp%2Fv2%2Fcomments&post=1115"}],"version-history":[{"count":0,"href":"http:\/\/www.chapelle-crecy.com\/index.php?rest_route=\/wp\/v2\/posts\/1115\/revisions"}],"wp:attachment":[{"href":"http:\/\/www.chapelle-crecy.com\/index.php?rest_route=%2Fwp%2Fv2%2Fmedia&parent=1115"}],"wp:term":[{"taxonomy":"category","embeddable":true,"href":"http:\/\/www.chapelle-crecy.com\/index.php?rest_route=%2Fwp%2Fv2%2Fcategories&post=1115"},{"taxonomy":"post_tag","embeddable":true,"href":"http:\/\/www.chapelle-crecy.com\/index.php?rest_route=%2Fwp%2Fv2%2Ftags&post=1115"}],"curies":[{"name":"wp","href":"https:\/\/api.w.org\/{rel}","templated":true}]}}