{"id":1116,"date":"2018-02-04T12:13:29","date_gmt":"2018-02-04T12:13:29","guid":{"rendered":""},"modified":"-0001-11-30T00:00:00","modified_gmt":"-0001-11-29T22:00:00","slug":"","status":"publish","type":"post","link":"http:\/\/www.chapelle-crecy.com\/?p=1116","title":{"rendered":"Annonces du 5 au 11 f\u00e9vrier 2018"},"content":{"rendered":"<div align=\"justify\">Voici les annonces de la semaine du samedi 5 au dimanche 11 f\u00e9vrier 2018 pour la paroisse des 3 clochers Cr\u00e9cy-la-Chapelle, Villiers-sur-Morin, Voulangis. <\/p>\n<p>Samedi 10 f\u00e9vrier \u00e0\u00a0 18 h 30, messe \u00e0\u00a0 Voulangis, <br \/>\nDimanche 11 f\u00e9vrier \u00e0\u00a0 9 h 45, messe \u00e0\u00a0 Cr\u00e9cy. <\/p>\n<p>Tous les d\u00e9tails dans la suite &#8230;\n<\/p><\/div>\n<div align=\"center\">\n<table bgcolor =\"FFF6F0\" border=0>\n<tbody>\n<tr>\n<td><font color=\"00CC00\"><\/p>\n<div align=\"center\"><img decoding=\"async\" src=\"\/IMG\/personnes\/gaston.jpg\" width=200><br \/>\n<i>Saint Gaston<\/i><\/div>\n<p><\/font><\/td>\n<td width=400><font color=\"00CC00\"><\/p>\n<div align=\"center\">\n<b>Lundi 5 f\u00e9vrier<\/b> <br \/> <br \/>\n14 h 30 &#8211; R\u00e9union de l&rsquo;Equipe du Rosaire chez Mme LOUIS<br \/>\n17 h &#8211; C\u00e9l\u00e9bration \u00e0 la Maison de Retraite.<\/p>\n<p><b>Mardi 6 f\u00e9vrier <\/b><br \/>\n<i>St Gaston<\/i><br \/>\nPas de Messe en paroisse.\n<\/div>\n<p><\/font><\/td>\n<\/tr>\n<\/tbody>\n<\/table>\n<\/div>\n<p> <\/p>\n<div align=\"center\">\n<table bgcolor =\"F0F0F6\" border=0>\n<tbody>\n<td width=400><font color=\"0E0C40\"><\/p>\n<div align=\"center\">\n<b>Mercredi 7 f\u00e9vrier<\/b><br \/>\n9 h &#8211; Messe \u00e0 Cr\u00e9cy pour Marcelle MARTEL.<\/p>\n<p><b>Jeudi 8 f\u00e9vrier<\/b><br \/>\n18 h &#8211; Messe \u00e0 Cr\u00e9cy pour Lo\u00efc MEUNIER .<\/p>\n<p><b>Vendredi 9 f\u00e9vrier<\/b><br \/>\n<i>Sainte Appoline<\/i><br \/>\n9 h &#8211; Messe \u00e0 Cr\u00e9cy pour Gis\u00e8le WACK<\/div>\n<p><\/font><\/td>\n<td><font color=\"0E0C40\"><\/p>\n<div align=\"center\"><img decoding=\"async\" src=\"\/IMG\/personnes\/appoline.jpg\" width=250><br \/><i>Sainte Appoline<\/i><\/div>\n<p><\/font><\/td>\n<\/tr>\n<\/tbody>\n<\/table>\n<p> <\/p>\n<table bgcolor =\"FFF6F0\" border=0>\n<tbody>\n<tr>\n<td><font color=\"00CC00\"><\/p>\n<div align=\"center\"><img decoding=\"async\" src=\"\/IMG\/jpg\/ViergeMarie-2.jpg\" width=200><\/div>\n<p><\/font><\/td>\n<td width=400><font color=\"00CC00\"><\/p>\n<div align=\"center\">\n<b>Samedi 10 f\u00e9vrier<\/b><br \/>\n18 h 30 &#8211; Messe \u00e0 Voulangis pour Maryvonne MATHONNET.<\/p>\n<p><b>Dimanche 11 f\u00e9vrier<\/b> <br \/> <br \/>\n<i>Notre Dame de Lourdes<\/i><br \/>\n9 h 45 &#8211; \u00e0 Cr\u00e9cy Messe participative avec les enfants de la Cat\u00e9ch\u00e8se. Elle sera c\u00e9l\u00e9br\u00e9e pour Ren\u00e9e MISCHEL.<br \/>\nVente de g\u00e2teaux au profit du financement de la retraite \u00e0 Jouarre, en mai prochain, pour les enfants de la Profession.<\/div>\n<p><\/font><\/td>\n<\/tr>\n<\/tbody>\n<\/table>\n<\/div>\n","protected":false},"excerpt":{"rendered":"<p>Voici les annonces de la semaine du samedi 5 au dimanche 11 f\u00e9vrier 2018 pour la paroisse des 3 clochers Cr\u00e9cy-la-Chapelle, Villiers-sur-Morin, Voulangis. Samedi 10 f\u00e9vrier \u00e0\u00a0 18 h 30, messe \u00e0\u00a0 Voulangis, Dimanche&#46;&#46;&#46;<\/p>\n","protected":false},"author":2,"featured_media":0,"comment_status":"open","ping_status":"open","sticky":false,"template":"","format":"standard","meta":{"footnotes":""},"categories":[],"tags":[],"class_list":["post-1116","post","type-post","status-publish","format-standard","hentry"],"_links":{"self":[{"href":"http:\/\/www.chapelle-crecy.com\/index.php?rest_route=\/wp\/v2\/posts\/1116","targetHints":{"allow":["GET"]}}],"collection":[{"href":"http:\/\/www.chapelle-crecy.com\/index.php?rest_route=\/wp\/v2\/posts"}],"about":[{"href":"http:\/\/www.chapelle-crecy.com\/index.php?rest_route=\/wp\/v2\/types\/post"}],"author":[{"embeddable":true,"href":"http:\/\/www.chapelle-crecy.com\/index.php?rest_route=\/wp\/v2\/users\/2"}],"replies":[{"embeddable":true,"href":"http:\/\/www.chapelle-crecy.com\/index.php?rest_route=%2Fwp%2Fv2%2Fcomments&post=1116"}],"version-history":[{"count":0,"href":"http:\/\/www.chapelle-crecy.com\/index.php?rest_route=\/wp\/v2\/posts\/1116\/revisions"}],"wp:attachment":[{"href":"http:\/\/www.chapelle-crecy.com\/index.php?rest_route=%2Fwp%2Fv2%2Fmedia&parent=1116"}],"wp:term":[{"taxonomy":"category","embeddable":true,"href":"http:\/\/www.chapelle-crecy.com\/index.php?rest_route=%2Fwp%2Fv2%2Fcategories&post=1116"},{"taxonomy":"post_tag","embeddable":true,"href":"http:\/\/www.chapelle-crecy.com\/index.php?rest_route=%2Fwp%2Fv2%2Ftags&post=1116"}],"curies":[{"name":"wp","href":"https:\/\/api.w.org\/{rel}","templated":true}]}}