{"id":1119,"date":"2018-02-16T18:33:14","date_gmt":"2018-02-16T18:33:14","guid":{"rendered":""},"modified":"-0001-11-30T00:00:00","modified_gmt":"-0001-11-29T22:00:00","slug":"","status":"publish","type":"post","link":"http:\/\/www.chapelle-crecy.com\/?p=1119","title":{"rendered":"Annonces du 19 au 25 f\u00e9vrier 2018"},"content":{"rendered":"<div align=\"justify\">Voici les annonces de la semaine du lundi 19 au dimanche 25 f\u00e9vrier 2018 pour la paroisse des 3 clochers Cr\u00e9cy-la-Chapelle, Villiers-sur-Morin, Voulangis. <\/p>\n<p>Samedi 24 f\u00e9vrier \u00e0\u00a0 18 h 30, messe \u00e0\u00a0 Voulangis, <br \/>\nDimanche 25 f\u00e9vrier \u00e0\u00a0 9 h 45, messe \u00e0\u00a0 Cr\u00e9cy. <\/p>\n<p>Tous les d\u00e9tails dans la suite &#8230;\n<\/p><\/div>\n<div align=\"center\">\n<table bgcolor =\"FFF6F0\" border=0>\n<tbody>\n<tr>\n<td><font color=\"00CC00\"><\/p>\n<div align=\"center\"><img decoding=\"async\" src=\"\/IMG\/personnes\/genevieve.jpg\" width=200><br \/>\n<i>Ste  Genevi\u00e8ve<\/i> <\/div>\n<p><\/font><\/td>\n<td width=400><font color=\"00CC00\"><\/p>\n<div align=\"center\">\n<b>Lundi 19 f\u00e9vrier<\/b> <br \/> <br \/>\n<i>Ste  Genevi\u00e8ve<\/i> <br \/> <br \/>\n17 h &#8211; C\u00e9l\u00e9bration \u00e0 la Maison de Retraite.<\/p>\n<p><b>Mardi 20 f\u00e9vrier <\/b><br \/>\n18 h &#8211; Messe anniversaire \u00e0 Cr\u00e9cy pour Gis\u00e8le LAUX<br \/>\n15 h 30 &#8211; \u00e0 Cr\u00e9cy : obs\u00e8ques de Ren\u00e9 COLLOT.\n<\/div>\n<p><\/font><\/td>\n<\/tr>\n<\/tbody>\n<\/table>\n<\/div>\n<p> <\/p>\n<div align=\"center\">\n<table bgcolor =\"F0F0F6\" border=0>\n<tbody>\n<td width=400><font color=\"0E0C40\"><\/p>\n<div align=\"center\">\n<b>Mercredi 21 f\u00e9vrier<\/b><br \/>\n9 h &#8211; Messe \u00e0 Cr\u00e9cy pour Jeannine CANNEVA<\/p>\n<p><b>Jeudi 22 f\u00e9vrier<\/b><br \/>\n<i>Bienheureuse Isabelle de France<\/i><br \/>\n18 h &#8211; Messe \u00e0 Cr\u00e9cy pour H\u00e9l\u00e8ne FONTAINE.<\/p>\n<p><b>Vendredi 23 f\u00e9vrier<\/b><br \/>\n9 h &#8211; Messe \u00e0 Cr\u00e9cy.<\/div>\n<p><\/font><\/td>\n<td><font color=\"0E0C40\"><\/p>\n<div align=\"center\"><img decoding=\"async\" src=\"\/IMG\/personnes\/isabelle.jpg\" width=200><br \/><i>Bienheureuse Isabelle de France<\/i><\/div>\n<p><\/font><\/td>\n<\/tr>\n<\/tbody>\n<\/table>\n<p> <\/p>\n<table bgcolor =\"FFF6F0\" border=0>\n<tbody>\n<tr>\n<td><font color=\"00CC00\"><\/p>\n<div align=\"center\"><img decoding=\"async\" src=\"\/IMG\/personnes\/ascension_corazon_jesus.jpg\" width=200><br \/><i>Ste Ascension del Corazon de Jesus<\/i><\/div>\n<p><\/font><\/td>\n<td width=400><font color=\"00CC00\"><\/p>\n<div align=\"center\">\n<b>Samedi 24 f\u00e9vrier<\/b><br \/>\n<i>Ste Ascension del Corazon de Jesus<\/i><br \/>\n18 h 30 &#8211; Messe \u00e0 Voulangis.<br \/>\nBapt\u00eame d&rsquo;Eva ALVES SOARES.<\/p>\n<p><b>Dimanche 25 f\u00e9vrier<\/b> <br \/> <br \/>\n<i>2\u00e8me dimanche de Car\u00eame<\/i><br \/>\n9 h 45 &#8211; A Cr\u00e9cy Messe pour Ren\u00e9 COLLOT inhum\u00e9 cette semaine.\n<\/div>\n<p><\/font><\/td>\n<\/tr>\n<\/tbody>\n<\/table>\n<\/div>\n","protected":false},"excerpt":{"rendered":"<p>Voici les annonces de la semaine du lundi 19 au dimanche 25 f\u00e9vrier 2018 pour la paroisse des 3 clochers Cr\u00e9cy-la-Chapelle, Villiers-sur-Morin, Voulangis. Samedi 24 f\u00e9vrier \u00e0\u00a0 18 h 30, messe \u00e0\u00a0 Voulangis, Dimanche&#46;&#46;&#46;<\/p>\n","protected":false},"author":2,"featured_media":0,"comment_status":"open","ping_status":"open","sticky":false,"template":"","format":"standard","meta":{"footnotes":""},"categories":[],"tags":[],"class_list":["post-1119","post","type-post","status-publish","format-standard","hentry"],"_links":{"self":[{"href":"http:\/\/www.chapelle-crecy.com\/index.php?rest_route=\/wp\/v2\/posts\/1119","targetHints":{"allow":["GET"]}}],"collection":[{"href":"http:\/\/www.chapelle-crecy.com\/index.php?rest_route=\/wp\/v2\/posts"}],"about":[{"href":"http:\/\/www.chapelle-crecy.com\/index.php?rest_route=\/wp\/v2\/types\/post"}],"author":[{"embeddable":true,"href":"http:\/\/www.chapelle-crecy.com\/index.php?rest_route=\/wp\/v2\/users\/2"}],"replies":[{"embeddable":true,"href":"http:\/\/www.chapelle-crecy.com\/index.php?rest_route=%2Fwp%2Fv2%2Fcomments&post=1119"}],"version-history":[{"count":0,"href":"http:\/\/www.chapelle-crecy.com\/index.php?rest_route=\/wp\/v2\/posts\/1119\/revisions"}],"wp:attachment":[{"href":"http:\/\/www.chapelle-crecy.com\/index.php?rest_route=%2Fwp%2Fv2%2Fmedia&parent=1119"}],"wp:term":[{"taxonomy":"category","embeddable":true,"href":"http:\/\/www.chapelle-crecy.com\/index.php?rest_route=%2Fwp%2Fv2%2Fcategories&post=1119"},{"taxonomy":"post_tag","embeddable":true,"href":"http:\/\/www.chapelle-crecy.com\/index.php?rest_route=%2Fwp%2Fv2%2Ftags&post=1119"}],"curies":[{"name":"wp","href":"https:\/\/api.w.org\/{rel}","templated":true}]}}