{"id":112,"date":"2015-10-15T20:48:52","date_gmt":"2015-10-15T20:48:52","guid":{"rendered":""},"modified":"-0001-11-30T00:00:00","modified_gmt":"-0001-11-29T22:00:00","slug":"","status":"publish","type":"post","link":"http:\/\/www.chapelle-crecy.com\/?p=112","title":{"rendered":"Les affaires \u00e9conomiques"},"content":{"rendered":"<div align=\"justify\">\nVoici la pr\u00e9sentation de l&rsquo;\u00e9quipe pastorale charg\u00e9e des affaires \u00e9conomiques de la paroisse de Cr\u00e9cy, Villiers et Voulangis.<\/div>\n<table bgcolor =\"F0FAFF\" border=0>\n<tbody>\n<tr>\n<td width=50%>\n<div align=\"center\"><img decoding=\"async\" src=\"\/IMG\/jpg\/christelle.jpg\" width=200 height=220><\/div>\n<\/td>\n<td width=50%>\n<div align=\"center\"><\/div>\n<\/td>\n<\/tr>\n<tr>\n<td width=50%>\n<div align=\"center\"><b>Christelle Carrara<br \/>Comptable<\/b><\/div>\n<\/td>\n<td width=50%>\n<div align=\"center\"><b>Florence Lahaille<br \/>Tr\u00e9sori\u00e8re <\/b><\/div>\n<\/td>\n<\/tr>\n<\/tbody>\n<\/table>\n<p>\nSalles paroissiales :<br \/>\nPresbyt\u00e8re, 1 place de l&rsquo;\u00e9glise<br \/>\n77580 Crecy-la-Chapelle<\/p>\n","protected":false},"excerpt":{"rendered":"<p>Voici la pr\u00e9sentation de l&rsquo;\u00e9quipe pastorale charg\u00e9e des affaires \u00e9conomiques de la paroisse de Cr\u00e9cy, Villiers et Voulangis. Christelle CarraraComptable Florence LahailleTr\u00e9sori\u00e8re Salles paroissiales : Presbyt\u00e8re, 1 place de l&rsquo;\u00e9glise 77580 Crecy-la-Chapelle<\/p>\n","protected":false},"author":2,"featured_media":0,"comment_status":"open","ping_status":"open","sticky":false,"template":"","format":"standard","meta":{"footnotes":""},"categories":[],"tags":[],"class_list":["post-112","post","type-post","status-publish","format-standard","hentry"],"_links":{"self":[{"href":"http:\/\/www.chapelle-crecy.com\/index.php?rest_route=\/wp\/v2\/posts\/112","targetHints":{"allow":["GET"]}}],"collection":[{"href":"http:\/\/www.chapelle-crecy.com\/index.php?rest_route=\/wp\/v2\/posts"}],"about":[{"href":"http:\/\/www.chapelle-crecy.com\/index.php?rest_route=\/wp\/v2\/types\/post"}],"author":[{"embeddable":true,"href":"http:\/\/www.chapelle-crecy.com\/index.php?rest_route=\/wp\/v2\/users\/2"}],"replies":[{"embeddable":true,"href":"http:\/\/www.chapelle-crecy.com\/index.php?rest_route=%2Fwp%2Fv2%2Fcomments&post=112"}],"version-history":[{"count":0,"href":"http:\/\/www.chapelle-crecy.com\/index.php?rest_route=\/wp\/v2\/posts\/112\/revisions"}],"wp:attachment":[{"href":"http:\/\/www.chapelle-crecy.com\/index.php?rest_route=%2Fwp%2Fv2%2Fmedia&parent=112"}],"wp:term":[{"taxonomy":"category","embeddable":true,"href":"http:\/\/www.chapelle-crecy.com\/index.php?rest_route=%2Fwp%2Fv2%2Fcategories&post=112"},{"taxonomy":"post_tag","embeddable":true,"href":"http:\/\/www.chapelle-crecy.com\/index.php?rest_route=%2Fwp%2Fv2%2Ftags&post=112"}],"curies":[{"name":"wp","href":"https:\/\/api.w.org\/{rel}","templated":true}]}}