{"id":1120,"date":"2018-02-28T17:30:39","date_gmt":"2018-02-28T17:30:39","guid":{"rendered":""},"modified":"-0001-11-30T00:00:00","modified_gmt":"-0001-11-29T22:00:00","slug":"","status":"publish","type":"post","link":"http:\/\/www.chapelle-crecy.com\/?p=1120","title":{"rendered":"Edito du mois de mars par le P\u00e8re Thierry Leroy  cur\u00e9 du p\u00f4le de Meaux"},"content":{"rendered":"<div align=\"justify\">\nLe temps pascal ??? Chaque chose en son temps ! Le Car\u00eame avant !&#8230;<br \/>\nRassurez-vous, je ne me suis pas tromp\u00e9 d&rsquo;\u00e9ditorial : une amie me disait aujourd&rsquo;hui:<br \/>\n\u00ab J&rsquo;aimerai que mes efforts de Car\u00eame puissent tenir tout au long de l&rsquo;ann\u00e9e.\u00bb Je lui ai<br \/>\nr\u00e9pondu : \u00ab Ah oui, comme nos r\u00e9solutions du premier janvier !&#8230;\u00bb Elle a souri et m&rsquo;a<br \/>\nexpliqu\u00e9 : \u00ab Pas vraiment. D\u00e9j\u00e0\u00a0, le Car\u00eame est une marche vers P\u00e2ques, pour mieux nous faire vivre la R\u00e9surrection de J\u00e9sus. Alors, pourquoi ne nous aiderait-il pas \u00e0\u00a0 vivre le reste de l&rsquo;ann\u00e9e ? \u00bb<br \/>\nC&rsquo;est vrai au fond. D\u00e9j\u00e0\u00a0, l&rsquo;\u00e9v\u00eaque nous invite cette ann\u00e9e \u00e0\u00a0 vivre le Car\u00eame ET le temps pascal dans un unique \u00e9lan. De son invitation d\u00e9coulent des initiatives dans chaque P\u00f4le missionnaire. Alors, si vous ne vous \u00eates pas encore procur\u00e9 le feuillet en couleur de notre P\u00f4le, faites-le ! Oui, le Car\u00eame est le temps du retour aux \u00ab bonnes pratiques \u00bb qui permettent un retour \u00e0\u00a0 Dieu. C&rsquo;est aussi un entra\u00eenement pour mieux vivre le temps pascal ET l&rsquo;ann\u00e9e toute enti\u00e8re.<br \/>\nPour restaurer ces bonnes pratiques, rien ne remplacera le fait de VIVRE ENSEMBLE les d\u00e9marches qui vous sont propos\u00e9es. Pour commencer, les journ\u00e9es de je\u00fbne et de pri\u00e8re des vendredis. Et les cat\u00e9ch\u00e8ses Pascales. Les deux premi\u00e8res ont lieu pendant ce mois de mars :<br \/>\nle 6 \u00e0\u00a0 St Jean Bosco de Meaux<br \/>\nle 20 \u00e0\u00a0 l&rsquo;\u00e9glise de Neufmontiers.<br \/>\nPour nous stimuler \u00e0\u00a0 mieux vivre notre vie chr\u00e9tienne \u00e0\u00a0 la lumi\u00e8re des grandes \u00e9tapes que franchissent nos cat\u00e9chum\u00e8nes pendant le Car\u00eame, et par l&rsquo;exp\u00e9rience de l&rsquo;Esprit-Saint dans notre vie.<br \/>\nN&rsquo;h\u00e9sitez pas \u00e0\u00a0 \u00eatre missionnaires en faisant profiter ceux de votre entourage qui sont sur le bord du chemin de la foi&#8230; Pour vivre le Car\u00eame, P\u00e2ques, et tout le reste de l&rsquo;ann\u00e9e dans la lumi\u00e8re pascale !<br \/>\nMais au fait, avez-vous VRAIMENT commenc\u00e9 le Car\u00eame ?<\/p>\n<p>p. Thierry Leroy<\/p>\n<p>A la suite de cet edito, vous trouverez le Message de Car\u00eame adress\u00e9 aux Catholiques de Seine et Marne par Mgr Nahmias, \u00e9v\u00eaque de Meaux. Vous trouverez \u00e9galement des t\u00e9moignages et des r\u00e9ponses \u00e0\u00a0 vos questions sur le car\u00eame dans la playlist [Saint Denis Sainte Foy 77 -> https:\/\/www.youtube.com\/channel\/UCKAMZFxPzTdZaaVX38wxaKQ] que je vous recommande de visionner, propos\u00e9e par le p\u00e8re Olivier de Vasselot, cur\u00e9 du P\u00f4le missionnaire de Coulommiers. Et enfin, en pi\u00e8ces jointes, 2 documents \u00e0\u00a0 lire absolument:<br \/>\nLes vendredis du car\u00eame dioc\u00e9sain<br \/>\nPourquoi je\u00fbner?\n<\/p><\/div>\n<div align=\"justify\">\n Message de Car\u00eame aux Catholiques de Seine et Marne<\/p>\n<p> lire l&rsquo;inviation de Mgr Nahmias \u00e0 vivre un car\u00eame dioc\u00e9sain<\/p>\n<p> Annon\u00e7ons le Christ ressuscit\u00e9 !<\/p>\n<p> Chers amis,<br \/>\n Je vous souhaite un bon car\u00eame et un joyeux temps pascal 2018. Demandons ensemble que ce temps de conversion qu&rsquo;est le car\u00eame nous renouvelle dans la foi au Christ ressuscit\u00e9, nous donne le z\u00e8le d&rsquo;\u00eatre de vrais disciples missionnaires et une charit\u00e9 ardente qui nourrisse notre communion fraternelle.<br \/>\n Notre assembl\u00e9e dioc\u00e9saine a fait appara \u00eetre la soif des juniors et des seniors pour une formation fondamentale au grand myst\u00e8re de la foi. C&rsquo;est pourquoi j&rsquo;ai demand\u00e9 aux cur\u00e9s de p\u00f4le que, partout dans le dioc\u00e8se, nous ayons des cat\u00e9ch\u00e8ses adapt\u00e9es qui nous aident \u00e0 revenir aux fondamentaux de la foi. Nous nous appuierons sur la belle et ample dynamique de la vigile de P\u00e2ques.<br \/>\n Je souhaite aussi que nous soyons unis dans la pri\u00e8re et le je\u00fbne. Chaque vendredi de car\u00eame, je nous invite \u00e0 une journ\u00e9e de je\u00fbne et de pri\u00e8re :<br \/>\n 1. Le vendredi 16 f\u00e9vrier, nous prierons et je\u00fbnerons pour la f\u00e9condit\u00e9 de notre d\u00e9marche synodale \u00ab Etre disciples missionnaires dans la communion fraternelle \u00bb.<br \/>\n 2. Le vendredi 23 f\u00e9vrier, nous prierons et je\u00fbnerons pour les plus pauvres, demandant que l&rsquo;Eglise soit un lieu de partage.<br \/>\n 3. Le vendredi 2 mars, nous prierons et je\u00fbnerons pour la paix, demandant \u00e0 Dieu de faire de nous des artisans de paix.<br \/>\n 4. Le vendredi 9 mars, par la pri\u00e8re et le je\u00fbne, nous demanderons au Seigneur de susciter dans nos communaut\u00e9s les vocations dont nous avons besoin pour rendre t\u00e9moignage \u00e0 l&rsquo;Evangile.<br \/>\n 5. Le vendredi 16 mars, nous prierons et je\u00fbnerons pour nos familles, qu&rsquo;elles soient signe de la charit\u00e9 du Christ ressuscit\u00e9.<br \/>\n 6. Le vendredi 23 mars, nous prierons et je\u00fbnerons pour ceux qui ne croient pas au Christ.<br \/>\n 7. Le vendredi 30 mars, vendredi saint, nous prierons et je\u00fbnerons pour les cat\u00e9chum\u00e8nes adultes et adolescents pour qu&rsquo;ils accueillent pleinement en eux la vie nouvelle qui vient du Christ.<br \/>\n Dans la dynamique de l&rsquo;assembl\u00e9e synodale, je souhaite donc que nous vivions ce car\u00eame et ce temps pascal dans une communion profonde : que ce temps privil\u00e9gi\u00e9 que le Seigneur nous offre soit un chemin de conversion pour chacun, un temps de red\u00e9couverte du myst\u00e8re pascal et de notre vocation de disciples missionnaires.<br \/>\nChacun de nous est appel\u00e9 \u00e0 mobiliser avec force une charit\u00e9 inventive, signe de la mis\u00e9ricorde du Seigneur : portons-nous mutuellement dans la pri\u00e8re.<br \/>\n Convertissons-nous et croyons \u00e0 l&rsquo;Evangile !<br \/>\n Convertissons-nous et annon\u00e7ons l&rsquo;Evangile !<br \/>\n Avec ma pri\u00e8re,<\/p>\n<p> + Jean-Yves Nahmias<br \/>\nEv\u00eaque de Meaux<\/p>\n<p> &#8212;&#8212;&#8212;&#8212;&#8212;&#8212;&#8212;&#8212;&#8212;&#8212;&#8212;&#8212;&#8212;&#8212;&#8212;&#8212;&#8212;&#8212;&#8212;&#8212;&#8212;&#8212;&#8212;&#8212;&#8212;&#8212;&#8212;&#8212;&#8212;&#8212;&#8212;&#8212;&#8212;&#8212;&#8212;&#8212;&#8212;&#8212;&#8211;<\/p>\n<p><iframe loading=\"lazy\" width=\"600\" height=\"390\" src=\"https:\/\/www.youtube.com\/embed\/1SyjD-VVKog\" frameborder=\"0\" allow=\"autoplay; encrypted-media\" allowfullscreen><\/iframe>\n<\/div>\n","protected":false},"excerpt":{"rendered":"<p>Le temps pascal ??? Chaque chose en son temps ! Le Car\u00eame avant !&#8230; Rassurez-vous, je ne me suis pas tromp\u00e9 d&rsquo;\u00e9ditorial : une amie me disait aujourd&rsquo;hui: \u00ab J&rsquo;aimerai que mes efforts de&#46;&#46;&#46;<\/p>\n","protected":false},"author":2,"featured_media":0,"comment_status":"open","ping_status":"open","sticky":false,"template":"","format":"standard","meta":{"footnotes":""},"categories":[],"tags":[],"class_list":["post-1120","post","type-post","status-publish","format-standard","hentry"],"_links":{"self":[{"href":"http:\/\/www.chapelle-crecy.com\/index.php?rest_route=\/wp\/v2\/posts\/1120","targetHints":{"allow":["GET"]}}],"collection":[{"href":"http:\/\/www.chapelle-crecy.com\/index.php?rest_route=\/wp\/v2\/posts"}],"about":[{"href":"http:\/\/www.chapelle-crecy.com\/index.php?rest_route=\/wp\/v2\/types\/post"}],"author":[{"embeddable":true,"href":"http:\/\/www.chapelle-crecy.com\/index.php?rest_route=\/wp\/v2\/users\/2"}],"replies":[{"embeddable":true,"href":"http:\/\/www.chapelle-crecy.com\/index.php?rest_route=%2Fwp%2Fv2%2Fcomments&post=1120"}],"version-history":[{"count":0,"href":"http:\/\/www.chapelle-crecy.com\/index.php?rest_route=\/wp\/v2\/posts\/1120\/revisions"}],"wp:attachment":[{"href":"http:\/\/www.chapelle-crecy.com\/index.php?rest_route=%2Fwp%2Fv2%2Fmedia&parent=1120"}],"wp:term":[{"taxonomy":"category","embeddable":true,"href":"http:\/\/www.chapelle-crecy.com\/index.php?rest_route=%2Fwp%2Fv2%2Fcategories&post=1120"},{"taxonomy":"post_tag","embeddable":true,"href":"http:\/\/www.chapelle-crecy.com\/index.php?rest_route=%2Fwp%2Fv2%2Ftags&post=1120"}],"curies":[{"name":"wp","href":"https:\/\/api.w.org\/{rel}","templated":true}]}}