{"id":1121,"date":"2018-02-21T16:45:16","date_gmt":"2018-02-21T16:45:16","guid":{"rendered":""},"modified":"-0001-11-30T00:00:00","modified_gmt":"-0001-11-29T22:00:00","slug":"","status":"publish","type":"post","link":"http:\/\/www.chapelle-crecy.com\/?p=1121","title":{"rendered":"Concert inhabituel de l&rsquo;ensemble vocal \u00ab\u00a0Anguelos\u00a0\u00bb"},"content":{"rendered":"<div align=\"justify\">\nEn ce dimanche 25 mars 2018, dimanche des Rameaux, un concert bien adapt\u00e9 vous est propos\u00e9 avec le tr\u00e8s beau \u00ab\u00a0Christus factus est\u00a0\u00bb de Bruckner. <\/p>\n<div align=\"center\"><img decoding=\"async\" src=\"\/IMG\/jpg\/anguelos-25mars1.jpg\" width=450><\/div>\n<div align=\"center\"><img decoding=\"async\" src=\"\/IMG\/jpg\/anguelos-25mars.jpg\" width=450><\/div>\n<\/div>\n<p> <\/p>\n<div align=\"center\"><img decoding=\"async\" src=\"\/IMG\/jpg\/anguelos-25mars2.jpg\" ><\/div>\n","protected":false},"excerpt":{"rendered":"<p>En ce dimanche 25 mars 2018, dimanche des Rameaux, un concert bien adapt\u00e9 vous est propos\u00e9 avec le tr\u00e8s beau \u00ab\u00a0Christus factus est\u00a0\u00bb de Bruckner.<\/p>\n","protected":false},"author":2,"featured_media":0,"comment_status":"open","ping_status":"open","sticky":false,"template":"","format":"standard","meta":{"footnotes":""},"categories":[],"tags":[],"class_list":["post-1121","post","type-post","status-publish","format-standard","hentry"],"_links":{"self":[{"href":"http:\/\/www.chapelle-crecy.com\/index.php?rest_route=\/wp\/v2\/posts\/1121","targetHints":{"allow":["GET"]}}],"collection":[{"href":"http:\/\/www.chapelle-crecy.com\/index.php?rest_route=\/wp\/v2\/posts"}],"about":[{"href":"http:\/\/www.chapelle-crecy.com\/index.php?rest_route=\/wp\/v2\/types\/post"}],"author":[{"embeddable":true,"href":"http:\/\/www.chapelle-crecy.com\/index.php?rest_route=\/wp\/v2\/users\/2"}],"replies":[{"embeddable":true,"href":"http:\/\/www.chapelle-crecy.com\/index.php?rest_route=%2Fwp%2Fv2%2Fcomments&post=1121"}],"version-history":[{"count":0,"href":"http:\/\/www.chapelle-crecy.com\/index.php?rest_route=\/wp\/v2\/posts\/1121\/revisions"}],"wp:attachment":[{"href":"http:\/\/www.chapelle-crecy.com\/index.php?rest_route=%2Fwp%2Fv2%2Fmedia&parent=1121"}],"wp:term":[{"taxonomy":"category","embeddable":true,"href":"http:\/\/www.chapelle-crecy.com\/index.php?rest_route=%2Fwp%2Fv2%2Fcategories&post=1121"},{"taxonomy":"post_tag","embeddable":true,"href":"http:\/\/www.chapelle-crecy.com\/index.php?rest_route=%2Fwp%2Fv2%2Ftags&post=1121"}],"curies":[{"name":"wp","href":"https:\/\/api.w.org\/{rel}","templated":true}]}}