{"id":1124,"date":"2018-03-11T10:31:10","date_gmt":"2018-03-11T10:31:10","guid":{"rendered":""},"modified":"-0001-11-30T00:00:00","modified_gmt":"-0001-11-29T22:00:00","slug":"","status":"publish","type":"post","link":"http:\/\/www.chapelle-crecy.com\/?p=1124","title":{"rendered":"Annonces du 12 au 18 mars 2018"},"content":{"rendered":"<div align=\"justify\">Voici les annonces de la semaine du lundi 12 au dimanche 18 mars 2018 pour la paroisse des 3 clochers Cr\u00e9cy-la-Chapelle, Villiers-sur-Morin, Voulangis. <\/p>\n<p>Samedi 17 mars \u00e0\u00a0 18 h 30, messe \u00e0\u00a0 Villiers, <br \/>\nDimanche 18 mars \u00e0\u00a0 9 h 45, messe \u00e0\u00a0 Cr\u00e9cy. <\/p>\n<p>Tous les d\u00e9tails dans la suite &#8230;\n<\/p><\/div>\n<div align=\"center\">\n<table bgcolor =\"FFF6F0\" border=0>\n<tbody>\n<tr>\n<td><font color=\"00CC00\"><\/p>\n<div align=\"center\"><img decoding=\"async\" src=\"\/IMG\/personnes\/justine.jpg\" width=200><br \/>\n<i>Sainte Justine<\/i> <\/div>\n<p><\/font><\/td>\n<td width=400><font color=\"00CC00\"><\/p>\n<div align=\"center\">\n<b>Lundi 12 mars<\/b> <br \/> <br \/>\n<i>Sainte Justine<\/i><br \/>\n17 h &#8211; C\u00e9l\u00e9bration \u00e0 la Maison de Retraite.<br \/>\n20 h 30 &#8211; R\u00e9union de l&rsquo;Equipe d&rsquo;Animation Pastorale.<\/p>\n<p><b>Mardi 13 mars <\/b><br \/>\nPas de messe en paroisse.\n<\/div>\n<p><\/font><\/td>\n<\/tr>\n<\/tbody>\n<\/table>\n<\/div>\n<p> <\/p>\n<div align=\"center\">\n<table bgcolor =\"F0F0F6\" border=0>\n<tbody>\n<td width=400><font color=\"0E0C40\"><\/p>\n<div align=\"center\">\n<b>Mercredi 14 mars<\/b><br \/>\n9 h &#8211; Messe \u00e0 Cr\u00e9cy pour Michel Dedieu.<\/p>\n<p><b>Jeudi 15 mars<\/b><br \/>\n<i>Ste Louise de Marillac<\/i><br \/>\nPas de messe en paroisse.<\/p>\n<p><b>Vendredi 16 mars<\/b><br \/>\n9 h &#8211; Messe \u00e0 Cr\u00e9cy.<br \/>\n20h &#8211;  Rendez-vous dans les salles paroissiales pour la SOUPE DE CAREME.\n<\/div>\n<p><\/font><\/td>\n<td><font color=\"0E0C40\"><\/p>\n<div align=\"center\"><img decoding=\"async\" src=\"\/IMG\/personnes\/louise_de_marillac.jpg\" width=200><br \/><i>Ste Louise de Marillac<\/i><\/div>\n<p><\/font><\/td>\n<\/tr>\n<\/tbody>\n<\/table>\n<p> <\/p>\n<table bgcolor =\"FFF6F0\" border=0>\n<tbody>\n<tr>\n<td><font color=\"00CC00\"><\/p>\n<div align=\"center\"><img decoding=\"async\" src=\"\/IMG\/personnes\/patrick.jpg\" width=200><br \/><i>St Patrick<\/i><\/div>\n<p><\/font><\/td>\n<td width=400><font color=\"00CC00\"><\/p>\n<div align=\"center\">\n<b>Samedi 17 mars<\/b><br \/>\n<i>St Patrick<\/i><br \/>\n18 h 30 &#8211; Messe \u00e0 Villiers pour Maryvonne MATHONNET.<\/p>\n<p> <br \/>\n<b>Dimanche 18 mars<\/b> <br \/> <br \/>\n<i>5\u00e8me dimanche de Car\u00eame<\/i><br \/>\n9 h 45 -Messe \u00e0 Cr\u00e9cy  pour Pierrette DE PENA.<br \/>\nTroisi\u00e8me scrutin vers le Bapt\u00eame pour Fr\u00e9d\u00e9rique OGET.<br \/>\nQu\u00eate sp\u00e9ciale pour le C.C.F.D\n<\/div>\n<p><\/font><\/td>\n<\/tr>\n<\/tbody>\n<\/table>\n<\/div>\n","protected":false},"excerpt":{"rendered":"<p>Voici les annonces de la semaine du lundi 12 au dimanche 18 mars 2018 pour la paroisse des 3 clochers Cr\u00e9cy-la-Chapelle, Villiers-sur-Morin, Voulangis. Samedi 17 mars \u00e0\u00a0 18 h 30, messe \u00e0\u00a0 Villiers, Dimanche&#46;&#46;&#46;<\/p>\n","protected":false},"author":2,"featured_media":0,"comment_status":"open","ping_status":"open","sticky":false,"template":"","format":"standard","meta":{"footnotes":""},"categories":[],"tags":[],"class_list":["post-1124","post","type-post","status-publish","format-standard","hentry"],"_links":{"self":[{"href":"http:\/\/www.chapelle-crecy.com\/index.php?rest_route=\/wp\/v2\/posts\/1124","targetHints":{"allow":["GET"]}}],"collection":[{"href":"http:\/\/www.chapelle-crecy.com\/index.php?rest_route=\/wp\/v2\/posts"}],"about":[{"href":"http:\/\/www.chapelle-crecy.com\/index.php?rest_route=\/wp\/v2\/types\/post"}],"author":[{"embeddable":true,"href":"http:\/\/www.chapelle-crecy.com\/index.php?rest_route=\/wp\/v2\/users\/2"}],"replies":[{"embeddable":true,"href":"http:\/\/www.chapelle-crecy.com\/index.php?rest_route=%2Fwp%2Fv2%2Fcomments&post=1124"}],"version-history":[{"count":0,"href":"http:\/\/www.chapelle-crecy.com\/index.php?rest_route=\/wp\/v2\/posts\/1124\/revisions"}],"wp:attachment":[{"href":"http:\/\/www.chapelle-crecy.com\/index.php?rest_route=%2Fwp%2Fv2%2Fmedia&parent=1124"}],"wp:term":[{"taxonomy":"category","embeddable":true,"href":"http:\/\/www.chapelle-crecy.com\/index.php?rest_route=%2Fwp%2Fv2%2Fcategories&post=1124"},{"taxonomy":"post_tag","embeddable":true,"href":"http:\/\/www.chapelle-crecy.com\/index.php?rest_route=%2Fwp%2Fv2%2Ftags&post=1124"}],"curies":[{"name":"wp","href":"https:\/\/api.w.org\/{rel}","templated":true}]}}