{"id":1126,"date":"2018-03-16T10:45:00","date_gmt":"2018-03-16T10:45:00","guid":{"rendered":""},"modified":"-0001-11-30T00:00:00","modified_gmt":"-0001-11-29T22:00:00","slug":"","status":"publish","type":"post","link":"http:\/\/www.chapelle-crecy.com\/?p=1126","title":{"rendered":"ce 17 mars  le 24 heures du pardon \u00e0\u00a0 St Jean Bosco \u00e0\u00a0 Meaux"},"content":{"rendered":"<div align=\"justify\">Ce samedi 17 mars d\u00e9bute les \u00ab\u00a024 heures du pardon\u00a0\u00bb \u00e0\u00a0 St Jean Bosco \u00e0\u00a0 Meaux \u00e0\u00a0 partir de 9h. Au programme, sacrement de r\u00e9conciliation, m\u00e9ditation, adoration du Saint Sacrement, possibilit\u00e9s de parler \u00e0\u00a0 un pr\u00eatre ou se confier \u00e0\u00a0 des fr\u00e8res la\u00efcs, etc. Fin de cette journ\u00e9e, le dimanche 18 mars \u00e0\u00a0 9h.<\/p>\n<div align=\"center\"><img decoding=\"async\" src=\"\/IMG\/jpg\/pape-\nmisericorde.jpg\" width=350><\/div>\n<p>A la suite de cet article, nous continuons \u00e0\u00a0 r\u00e9fl\u00e9chir avec le P\u00e8re Tony Wiertz, sur l&rsquo;Evangile de ce 5\u00e8me dimanche de car\u00eame 2018, ann\u00e9e B, Jean Ch. 12, vv. 20-33<br \/>\n &#8230;\n<\/p><\/div>\n<div align=\"justify\">\n Il y a quelques Grecs parmi les Juifs \u00e0 J\u00e9rusalem pour la f\u00eate Qui sont-ils, que font-ils parmi les Juifs, Peuple de Dieu ? Tout en ne faisant pas partie du Peuple de Dieu, ils adorent un seul Dieu. Etonn\u00e9s par ce J\u00e9sus, ils n&rsquo;h\u00e9sitent pas \u00e0 s&rsquo;adresser \u00e0 un compatriote, disciple de J\u00e9sus : \u00ab Nous voudrions voir J\u00e9sus \u00bb. Ne nous trompons pas dans cette demande. Il ne s&rsquo;agit pas d&rsquo;un simple \u00ab apercevoir \u00bb. Dans ce cas, ils ne se seraient pas donn\u00e9 la peine de s&rsquo;adresser \u00e0 Philippe. Dans cette demande de \u00ab voir \u00bb, il y a d\u00e9j\u00e0 un d\u00e9but d&rsquo;une d\u00e9marche de foi. Nous dirions aujourd&rsquo;hui, voil\u00e0 des personnes qui commencent \u00e0 manifester qu&rsquo;ils ont le d\u00e9sir d&rsquo;entrer en cat\u00e9chum\u00e9nat. En tout cas, J\u00e9sus s&rsquo;adresse \u00e0 eux comme \u00e0 des gens qui veulent d\u00e9couvrir la Bonne Nouvelle.<\/p>\n<p> Cette annonce aux Grecs s&rsquo;adresse aujourd&rsquo;hui \u00e0 nous. Regardez-moi bien dit J\u00e9sus : \u00ab Je suis comme un grain de bl\u00e9. Parce qu&rsquo;il meurt, il porte beaucoup de fruit \u00bb. Cela veut bien dire que la mort de J\u00e9sus sur la croix portera du fruit en abondance : la Vie de Dieu est communiqu\u00e9e \u00e0 tous ceux qui le veulent bien. Avec la croix, l&rsquo;acc\u00e8s \u00e0 la vraie Vie, la vie \u00e9ternelle, est devenue possible. Au cours des si\u00e8cles, cette Vie est donn\u00e9e comme une semence appel\u00e9e \u00e0 grandir au cours de notre vie. Cette semence donn\u00e9e est surtout manifest\u00e9e par le bapt\u00eame qui nous ins\u00e8re dans ce Peuple de Dieu en marche.<br \/>\n Depuis la Mort-R\u00e9surrection et Pentec\u00f4te, des hommes et femmes se sont sciemment mis en marche. Ils ont entendu l&rsquo;appel que nous trouvons aujourd&rsquo;hui dans l&rsquo;\u00e9vangile : \u00ab Si quelqu&rsquo;un veut me servir, qu&rsquo;il me suive \u00bb.<\/p>\n<p> Qu&rsquo;est-ce que servir le Christ ? Le mot \u00ab servir \u00bb a des significations bien diverses dans notre vie. Servir le Christ, cela ne veut pas dire \u00ab appliquer simplement des pr\u00e9ceptes. C&rsquo;est plus que cela, c&rsquo;est \u00ab suivre \u00bb le Christ comme il nous le dit dans le texte. Toute la vie du Christ a consist\u00e9 \u00e0 vivre selon la volont\u00e9 du P\u00e8re. Jamais, il a c\u00e9d\u00e9 au mal. Ne pas c\u00e9der au mal est vivre selon la volont\u00e9 du P\u00e8re. Regardez bien comment il a abouti sur la croix. C&rsquo;est parce qu&rsquo;il a fait la volont\u00e9 du P\u00e8re qui consistait \u00e0 apporter la Bonne Nouvelle, le salut. Pour cela il a \u00e9t\u00e9 arr\u00eat\u00e9, jug\u00e9 et crucifi\u00e9. J\u00e9sus a v\u00e9cu toute sa vie d&rsquo;homme \u00e0 la lumi\u00e8re du P\u00e8re jusqu&rsquo;\u00e0 donner sa vie.<br \/>\n Pour nous, suivre le Christ consiste \u00e0 vivre \u00e0 sa lumi\u00e8re. Suivre le Christ consiste \u00e0 vivre ce que nous avons \u00e0 vivre \u00e0 la lumi\u00e8re de la Mort-R\u00e9surrection en se laissant inspirer par son Esprit.<br \/>\n Tonny Wiertz, pr\u00eatre<\/p>\n<p> Pour recevoir r\u00e9guli\u00e8rement l&rsquo;hom\u00e9lie, mettez un message \u00e0 tonny.wiertz@orange.fr\n<\/p><\/div>\n","protected":false},"excerpt":{"rendered":"<p>Ce samedi 17 mars d\u00e9bute les \u00ab\u00a024 heures du pardon\u00a0\u00bb \u00e0\u00a0 St Jean Bosco \u00e0\u00a0 Meaux \u00e0\u00a0 partir de 9h. Au programme, sacrement de r\u00e9conciliation, m\u00e9ditation, adoration du Saint Sacrement, possibilit\u00e9s de parler \u00e0\u00a0&#46;&#46;&#46;<\/p>\n","protected":false},"author":2,"featured_media":0,"comment_status":"open","ping_status":"open","sticky":false,"template":"","format":"standard","meta":{"footnotes":""},"categories":[],"tags":[],"class_list":["post-1126","post","type-post","status-publish","format-standard","hentry"],"_links":{"self":[{"href":"http:\/\/www.chapelle-crecy.com\/index.php?rest_route=\/wp\/v2\/posts\/1126","targetHints":{"allow":["GET"]}}],"collection":[{"href":"http:\/\/www.chapelle-crecy.com\/index.php?rest_route=\/wp\/v2\/posts"}],"about":[{"href":"http:\/\/www.chapelle-crecy.com\/index.php?rest_route=\/wp\/v2\/types\/post"}],"author":[{"embeddable":true,"href":"http:\/\/www.chapelle-crecy.com\/index.php?rest_route=\/wp\/v2\/users\/2"}],"replies":[{"embeddable":true,"href":"http:\/\/www.chapelle-crecy.com\/index.php?rest_route=%2Fwp%2Fv2%2Fcomments&post=1126"}],"version-history":[{"count":0,"href":"http:\/\/www.chapelle-crecy.com\/index.php?rest_route=\/wp\/v2\/posts\/1126\/revisions"}],"wp:attachment":[{"href":"http:\/\/www.chapelle-crecy.com\/index.php?rest_route=%2Fwp%2Fv2%2Fmedia&parent=1126"}],"wp:term":[{"taxonomy":"category","embeddable":true,"href":"http:\/\/www.chapelle-crecy.com\/index.php?rest_route=%2Fwp%2Fv2%2Fcategories&post=1126"},{"taxonomy":"post_tag","embeddable":true,"href":"http:\/\/www.chapelle-crecy.com\/index.php?rest_route=%2Fwp%2Fv2%2Ftags&post=1126"}],"curies":[{"name":"wp","href":"https:\/\/api.w.org\/{rel}","templated":true}]}}