{"id":1129,"date":"2018-03-26T08:00:00","date_gmt":"2018-03-26T08:00:00","guid":{"rendered":""},"modified":"-0001-11-30T00:00:00","modified_gmt":"-0001-11-29T22:00:00","slug":"","status":"publish","type":"post","link":"http:\/\/www.chapelle-crecy.com\/?p=1129","title":{"rendered":"Messe chrismale &#8211; Mercredi 28 mars 2018"},"content":{"rendered":"<div align=\"justify\">\nMgr Jean-Yves Nahmias, \u00e9v\u00eaque de Meaux, vous invite mercredi 28 mars 2018 \u00e0\u00a0 20h en la cath\u00e9drale St Etienne de Meaux \u00e0\u00a0 l&rsquo;occasion de la messe chrismale. La messe chrismale a lieu durant la Semaine Sainte : dans le rite catholique latin, la messe chrismale n&rsquo;appartient pas, au sens strict, au Triduum pascal. Si elle a lieu le plus souvent le Jeudi Saint au matin, elle peut \u00eatre transf\u00e9r\u00e9e \u00e0\u00a0 un autre jour, pourvu qu&rsquo;elle soit proche de P\u00e2ques.<\/div>\n<div align=\"justify\">\nDurant la messe chrismale, l&rsquo;\u00e9v\u00eaque b\u00e9nit les autres huiles saintes et consacre le Saint Chr\u00eame. Cette huile servira d\u00e8s les bapt\u00eames de P\u00e2ques puis tout au long de l&rsquo;ann\u00e9e pour les sacrements du bapt\u00eame, de la confirmation et de l&rsquo;ordre.<\/p>\n<div align=\"center\"><img decoding=\"async\" src=\"\/IMG\/jpg\/saintes_huiles.jpg\" width=350><\/div>\n<p> Pr\u00eatres, diacres et fid\u00e8les sont invit\u00e9s largement \u00e0 cette c\u00e9l\u00e9bration qui manifeste l&rsquo;unit\u00e9 de toute la communaut\u00e9 dioc\u00e9saine autour de son \u00e9v\u00eaque. Au cours de cette messe les pr\u00eatres renouvellent leurs promesses sacerdotales : vivre toujours plus unis au Seigneur J\u00e9sus, chercher \u00e0 lui ressembler, renoncer \u00e0 eux-m\u00eames, \u00eatre fid\u00e8les aux engagements attach\u00e9s \u00e0 la charge minist\u00e9rielle, c\u00e9l\u00e9brer les sacrements, annoncer la Parole de Dieu avec d\u00e9sint\u00e9ressement et charit\u00e9.<\/p>\n<p> Retrouvez toute l&rsquo;actualit\u00e9 dioc\u00e9saine sur le [site dioc\u00e9sain -> http:\/\/catho77.fr\/spip.php?article710], ainsi que l&rsquo;invitation de Mgr Nahmias \u00e0 venir nombreux \u00e0 la messe chrismale du 28 mars.\n<\/p><\/div>\n","protected":false},"excerpt":{"rendered":"<p>Mgr Jean-Yves Nahmias, \u00e9v\u00eaque de Meaux, vous invite mercredi 28 mars 2018 \u00e0\u00a0 20h en la cath\u00e9drale St Etienne de Meaux \u00e0\u00a0 l&rsquo;occasion de la messe chrismale. La messe chrismale a lieu durant la&#46;&#46;&#46;<\/p>\n","protected":false},"author":2,"featured_media":0,"comment_status":"open","ping_status":"open","sticky":false,"template":"","format":"standard","meta":{"footnotes":""},"categories":[],"tags":[],"class_list":["post-1129","post","type-post","status-publish","format-standard","hentry"],"_links":{"self":[{"href":"http:\/\/www.chapelle-crecy.com\/index.php?rest_route=\/wp\/v2\/posts\/1129","targetHints":{"allow":["GET"]}}],"collection":[{"href":"http:\/\/www.chapelle-crecy.com\/index.php?rest_route=\/wp\/v2\/posts"}],"about":[{"href":"http:\/\/www.chapelle-crecy.com\/index.php?rest_route=\/wp\/v2\/types\/post"}],"author":[{"embeddable":true,"href":"http:\/\/www.chapelle-crecy.com\/index.php?rest_route=\/wp\/v2\/users\/2"}],"replies":[{"embeddable":true,"href":"http:\/\/www.chapelle-crecy.com\/index.php?rest_route=%2Fwp%2Fv2%2Fcomments&post=1129"}],"version-history":[{"count":0,"href":"http:\/\/www.chapelle-crecy.com\/index.php?rest_route=\/wp\/v2\/posts\/1129\/revisions"}],"wp:attachment":[{"href":"http:\/\/www.chapelle-crecy.com\/index.php?rest_route=%2Fwp%2Fv2%2Fmedia&parent=1129"}],"wp:term":[{"taxonomy":"category","embeddable":true,"href":"http:\/\/www.chapelle-crecy.com\/index.php?rest_route=%2Fwp%2Fv2%2Fcategories&post=1129"},{"taxonomy":"post_tag","embeddable":true,"href":"http:\/\/www.chapelle-crecy.com\/index.php?rest_route=%2Fwp%2Fv2%2Ftags&post=1129"}],"curies":[{"name":"wp","href":"https:\/\/api.w.org\/{rel}","templated":true}]}}