{"id":113,"date":"2009-04-29T20:53:02","date_gmt":"2009-04-29T20:53:02","guid":{"rendered":""},"modified":"-0001-11-30T00:00:00","modified_gmt":"-0001-11-29T22:00:00","slug":"","status":"publish","type":"post","link":"http:\/\/www.chapelle-crecy.com\/?p=113","title":{"rendered":"Journ\u00e9e mondiale des vocations"},"content":{"rendered":"<table bgcolor =\"F0FAFF\" border=0>\n<tbody>\n<tr>\n<td>\n<div align=\"justify\">\n<div \"22\">\nCe dimanche 3 mai, c&rsquo;est la Journ\u00e9e mondiale des Vocations.<br \/>\nEn cette occasion, voici un message du P\u00e8re Pascal Borniche, responsable du service dioc\u00e9sain des Vocations.<\/div>\n<\/div>\n<\/td>\n<\/tr>\n<\/tbody>\n<\/table>\n<table bgcolor =\"F0FAFF\" border=0>\n<tbody>\n<tr>\n<td>\n<div align=\"justify\"><< Le dimanche 3 mai, nous allons vivre la Journ\u00e9e mondiale des Vocations. Cette journ\u00e9e mondiale propos\u00e9e aux catholiques de tous les pays, est pour chacun de nous un temps d'invitation \u00e0 la r\u00e9flexion et l'occasion de renouveler notre pri\u00e8re pour les Vocations.<br \/>\nCette ann\u00e9e, le th\u00e8me donn\u00e9 par le pape Beno \u00eet XVI \u00e0 cette 46\u00e8me journ\u00e9e mondiale de pri\u00e8re pour les Vocations est celui de la Mission avec Saint Paul. Tout au long de cette semaine, l&rsquo;Eglise nous appelle, seul, en famille, en groupe ou en communaut\u00e9, \u00e0 prier pour les pr\u00eatres, les diacres, les religieux et religieuses que nous croisons r\u00e9guli\u00e8rement, afin que le Seigneur les soutienne dans la mission qu&rsquo;il leur a confi\u00e9e. Portons \u00e9galement dans notre pri\u00e8re tous les jeunes qui ressentent un appel de Dieu pour le sacerdoce ou la vie religieuse, pour tous ceux qui se posent la question de la Vocation.<br \/>\nPour soutenir notre pri\u00e8re, le service r\u00e9gional des Vocations propose un livret de pri\u00e8re adapt\u00e9 au th\u00e8me de la Journ\u00e9e Mondiale de pri\u00e8re pour les Vocations. Ce livret nous invite \u00e0 d\u00e9couvrir la Vocation de St Paul et les Vocations \u00e0 la suite du Christ.<br \/>\nToutefois, pour qu&rsquo;une v\u00e9ritable pri\u00e8re perp\u00e9tuelle pour les Vocations existe tout au long de l&rsquo;ann\u00e9e, une cha \u00eene de pri\u00e8re pour les Vocations, le Monast\u00e8re invisible, est pr\u00e9sente sur notre dioc\u00e8se. Pour associer les plus jeunes d&rsquo;entre nous \u00e0 cette pri\u00e8re, un tract du Monast\u00e8re invisible sp\u00e9cialement con\u00e7u pour les enfants est lanc\u00e9, \u00ab\u00a0Chemins de pri\u00e8re\u00a0\u00bb. Plus imag\u00e9, parfois sous forme de bandes dessin\u00e9es, adapt\u00e9 \u00e0 leur \u00e2ge, ce tract veut pouvoir les accompagner, les associer et les aider \u00e0 prier pour les Vocations pour qu&rsquo;une v\u00e9ritable union de pri\u00e8re au sein de notre dioc\u00e8se permette la floraison de Vocations.>><\/p>\n<\/div>\n<div align=\"center\">P\u00e8re Pascal BORNICHE<br \/>\nResponsable du Service Dioc\u00e9sain des Vocations.<\/p>\n<p><img decoding=\"async\" src=\"\/IMG\/jpg\/vocation1.jpg\" width=460><br \/>\n<img decoding=\"async\" src=\"\/IMG\/jpg\/vocation2.jpg\" width=460><br \/>\n<img decoding=\"async\" src=\"\/IMG\/jpg\/saint_benoit.jpg\" width=460>\n<\/div>\n<\/td>\n<\/tr>\n<\/tbody>\n<\/table>\n","protected":false},"excerpt":{"rendered":"<p>Ce dimanche 3 mai, c&rsquo;est la Journ\u00e9e mondiale des Vocations. En cette occasion, voici un message du P\u00e8re Pascal Borniche, responsable du service dioc\u00e9sain des Vocations. > P\u00e8re Pascal BORNICHE Responsable du Service Dioc\u00e9sain&#46;&#46;&#46;<\/p>\n","protected":false},"author":2,"featured_media":0,"comment_status":"open","ping_status":"open","sticky":false,"template":"","format":"standard","meta":{"footnotes":""},"categories":[],"tags":[],"class_list":["post-113","post","type-post","status-publish","format-standard","hentry"],"_links":{"self":[{"href":"http:\/\/www.chapelle-crecy.com\/index.php?rest_route=\/wp\/v2\/posts\/113","targetHints":{"allow":["GET"]}}],"collection":[{"href":"http:\/\/www.chapelle-crecy.com\/index.php?rest_route=\/wp\/v2\/posts"}],"about":[{"href":"http:\/\/www.chapelle-crecy.com\/index.php?rest_route=\/wp\/v2\/types\/post"}],"author":[{"embeddable":true,"href":"http:\/\/www.chapelle-crecy.com\/index.php?rest_route=\/wp\/v2\/users\/2"}],"replies":[{"embeddable":true,"href":"http:\/\/www.chapelle-crecy.com\/index.php?rest_route=%2Fwp%2Fv2%2Fcomments&post=113"}],"version-history":[{"count":0,"href":"http:\/\/www.chapelle-crecy.com\/index.php?rest_route=\/wp\/v2\/posts\/113\/revisions"}],"wp:attachment":[{"href":"http:\/\/www.chapelle-crecy.com\/index.php?rest_route=%2Fwp%2Fv2%2Fmedia&parent=113"}],"wp:term":[{"taxonomy":"category","embeddable":true,"href":"http:\/\/www.chapelle-crecy.com\/index.php?rest_route=%2Fwp%2Fv2%2Fcategories&post=113"},{"taxonomy":"post_tag","embeddable":true,"href":"http:\/\/www.chapelle-crecy.com\/index.php?rest_route=%2Fwp%2Fv2%2Ftags&post=113"}],"curies":[{"name":"wp","href":"https:\/\/api.w.org\/{rel}","templated":true}]}}