{"id":1130,"date":"2018-03-24T13:35:24","date_gmt":"2018-03-24T13:35:24","guid":{"rendered":""},"modified":"-0001-11-30T00:00:00","modified_gmt":"-0001-11-29T22:00:00","slug":"","status":"publish","type":"post","link":"http:\/\/www.chapelle-crecy.com\/?p=1130","title":{"rendered":"Annonces du 24 mars au 1er avril 2018"},"content":{"rendered":"<div align=\"justify\">Voici les annonces de la semaine du samedi 24 mars au dimanche 1er avril 2018 pour la paroisse des 3 clochers Cr\u00e9cy-la-Chapelle, Villiers-sur-Morin, Voulangis. <\/p>\n<p>Samedi 24 mars \u00e0\u00a0 18 h 30, messe \u00e0\u00a0 Voulangis, <br \/>\nDimanche 25 mars \u00e0\u00a0 9 h 45, messe \u00e0\u00a0 Cr\u00e9cy. <br \/> <br \/>\nSamedi 31 mars \u00e0\u00a0 21 h, vigile de P\u00e2ques \u00e0\u00a0 Cr\u00e9cy, <br \/>\nDimanche 1er avril \u00e0\u00a0 9 h 45, messe de P\u00e2ques \u00e0\u00a0 Villiers. <\/p>\n<p>Tous les d\u00e9tails dans la suite &#8230;\n<\/p><\/div>\n<div align=\"center\">\n<table bgcolor =\"FFF6F0\" border=0>\n<tbody>\n<tr>\n<td><font color=\"00CC00\"><\/p>\n<div align=\"center\"><img decoding=\"async\" src=\"\/IMG\/lieux\/sanjuan05.jpg\" width=200> <\/div>\n<p><\/font><\/td>\n<td width=400><font color=\"00CC00\"><\/p>\n<div align=\"center\">\n<b>Samedi 24 mars<\/b><br \/>\n<i>Sainte Catherine de Su\u00e8de<\/i><br \/>\n18 h 30 &#8211; A  Voulangis , Messe anticip\u00e9e des RAMEAUX. Messe anniversaire pour  Colette NOURY, Elle est \u00e9galement c\u00e9l\u00e9br\u00e9e pour Jean ROSIER.<\/p>\n<p> <br \/>\n<b>Dimanche 25 mars<\/b> <br \/> <br \/>\n<i>DIMANCHE DES RAMEAUX<\/i><br \/>\n9 h 45 &#8211; A Cr\u00e9cy, Messe anniversaire pour Fran\u00e7ois de LAUBRIERE.<\/p>\n<p><b>Lundi 26 mars<\/b> <br \/> <br \/>\n17 h &#8211; Messe \u00e0 la Maison de Retraite.<\/p>\n<p><b>Mardi 27 mars <\/b><br \/>\n20 h 30 &#8211; Veille p\u00e9nitentielle \u00e0 Montry.\n<\/div>\n<p><\/font><\/td>\n<\/tr>\n<\/tbody>\n<\/table>\n<\/div>\n<p> <\/p>\n<div align=\"center\">\n<table bgcolor =\"F0F0F6\" border=0>\n<tbody>\n<td width=400><font color=\"0E0C40\"><\/p>\n<div align=\"center\">\n<b>Mercredi 28 mars<\/b><br \/>\nMesse chrismale \u00e0 la Cath\u00e9drale de Meaux \u00e0 20 h.<\/p>\n<p><b>Jeudi 29 mars<\/b><br \/>\n<i>JEUDI SAINT<\/i><br \/>\n10 h 30 &#8211; A Cr\u00e9cy, obs\u00e8ques de Lucien BOIN.<br \/>\n20 h &#8211; Sainte C\u00e8ne \u00e0 Cr\u00e9cy.<\/p>\n<p><b>Vendredi 30 mars<\/b><br \/>\n<i>VENDREDI SAINT<\/i><br \/>\nChemin de Croix :<br \/>\n&#8211; 11 h \u00e0 Voulangis<br \/>\n&#8211; 15 h \u00e0 Villiers<br \/>\n&#8211; 17 h \u00e0 Cr\u00e9cy<br \/>\n20 h 30 &#8211; C\u00e9l\u00e9bration de la PASSION DU SEIGNEUR \u00e0 Cr\u00e9cy<br \/>\nQUETE SPECIALE POUR LES CHRETIENS ET LES LIEUX SAINTS DU MOYEN ORIENT.\n<\/div>\n<p><\/font><\/td>\n<td><font color=\"0E0C40\"><\/p>\n<div align=\"center\"><img decoding=\"async\" src=\"\/IMG\/personnes\/christ1.jpg\" width=200><\/div>\n<p><\/font><\/td>\n<\/tr>\n<\/tbody>\n<\/table>\n<p> <\/p>\n<table bgcolor =\"FFF6F0\" border=0>\n<tbody>\n<tr>\n<td><font color=\"00CC00\"><\/p>\n<div align=\"center\"><img decoding=\"async\" src=\"\/IMG\/jpg\/feu2.jpg\" width=200><\/div>\n<p><\/font><\/td>\n<td width=400><font color=\"00CC00\"><\/p>\n<div align=\"center\">\n<b>Samedi 31 mars<\/b><br \/>\n<i>SAMEDI SAINT<\/i><br \/>\n21 h &#8211; Vigile de la nuit de P\u00e2ques \u00e0 Cr\u00e9cy et Bapt\u00eame de Fr\u00e9d\u00e9rique OGET.<\/p>\n<p> <br \/>\n<b>Dimanche 1er avril<\/b> <br \/> <br \/>\n<i>Messe du jour de PAQUES<\/i><br \/>\n9 h 45 &#8211; Messe \u00e0 VILLIERS.\n<\/div>\n<p><\/font><\/td>\n<\/tr>\n<\/tbody>\n<\/table>\n<\/div>\n","protected":false},"excerpt":{"rendered":"<p>Voici les annonces de la semaine du samedi 24 mars au dimanche 1er avril 2018 pour la paroisse des 3 clochers Cr\u00e9cy-la-Chapelle, Villiers-sur-Morin, Voulangis. Samedi 24 mars \u00e0\u00a0 18 h 30, messe \u00e0\u00a0 Voulangis,&#46;&#46;&#46;<\/p>\n","protected":false},"author":2,"featured_media":0,"comment_status":"open","ping_status":"open","sticky":false,"template":"","format":"standard","meta":{"footnotes":""},"categories":[],"tags":[],"class_list":["post-1130","post","type-post","status-publish","format-standard","hentry"],"_links":{"self":[{"href":"http:\/\/www.chapelle-crecy.com\/index.php?rest_route=\/wp\/v2\/posts\/1130","targetHints":{"allow":["GET"]}}],"collection":[{"href":"http:\/\/www.chapelle-crecy.com\/index.php?rest_route=\/wp\/v2\/posts"}],"about":[{"href":"http:\/\/www.chapelle-crecy.com\/index.php?rest_route=\/wp\/v2\/types\/post"}],"author":[{"embeddable":true,"href":"http:\/\/www.chapelle-crecy.com\/index.php?rest_route=\/wp\/v2\/users\/2"}],"replies":[{"embeddable":true,"href":"http:\/\/www.chapelle-crecy.com\/index.php?rest_route=%2Fwp%2Fv2%2Fcomments&post=1130"}],"version-history":[{"count":0,"href":"http:\/\/www.chapelle-crecy.com\/index.php?rest_route=\/wp\/v2\/posts\/1130\/revisions"}],"wp:attachment":[{"href":"http:\/\/www.chapelle-crecy.com\/index.php?rest_route=%2Fwp%2Fv2%2Fmedia&parent=1130"}],"wp:term":[{"taxonomy":"category","embeddable":true,"href":"http:\/\/www.chapelle-crecy.com\/index.php?rest_route=%2Fwp%2Fv2%2Fcategories&post=1130"},{"taxonomy":"post_tag","embeddable":true,"href":"http:\/\/www.chapelle-crecy.com\/index.php?rest_route=%2Fwp%2Fv2%2Ftags&post=1130"}],"curies":[{"name":"wp","href":"https:\/\/api.w.org\/{rel}","templated":true}]}}