{"id":1131,"date":"2018-03-25T09:00:00","date_gmt":"2018-03-25T09:00:00","guid":{"rendered":""},"modified":"-0001-11-30T00:00:00","modified_gmt":"-0001-11-29T22:00:00","slug":"","status":"publish","type":"post","link":"http:\/\/www.chapelle-crecy.com\/?p=1131","title":{"rendered":"Un dimanche des Rameaux 2018 sans buis"},"content":{"rendered":"<div align=\"justify\">Le dimanche des Rameaux, dont le nom liturgique est \u00ab\u00a0Dimanche des Rameaux et de la Passion\u00a0\u00bb est le d\u00e9but de la \u00ab\u00a0Semaine sainte\u00a0\u00bb.<br \/>\nCette f\u00eate comm\u00e9more \u00e0\u00a0 la fois deux \u00e9v\u00e8nements qui semblent bien contrast\u00e9s : l&rsquo;entr\u00e9e solennelle de J\u00e9sus \u00e0\u00a0 J\u00e9rusalem, et d&rsquo;autre part sa passion et sa mort sur la croix.<br \/>\nBeaucoup de chr\u00e9tiens peu pratiquants viennent \u00e0\u00a0 la c\u00e9l\u00e9bration des Rameaux principalement, pour avoir du buis b\u00e9ni qui chassera les mauvaises influences de leur demeure.<\/p>\n<div align=\"center\"><img decoding=\"async\" src=\"\/IMG\/jpg\/annonce.jpg\" width=250><\/div>\n<p>Dans nos pays septentrionaux o\u00f9 il est difficile, au d\u00e9but du printemps, de trouver des rameaux verdoyants, les palmes sont devenues du buis dans la plupart des d\u00e9partements fran\u00e7ais.<br \/>\nMais voil\u00e0\u00a0 que, depuis 2005, un insecte du nom de Cydalina perspectalis originaire d&rsquo;Asie Orientale, commun\u00e9ment appel\u00e9 pyrale du buis, s&rsquo;attaque au buis sur toute l&rsquo;Europe. D&rsquo;abord apparu en Allemagne, il ravage aujourd&rsquo;hui 51 d\u00e9partements de France. La Suisse, l&rsquo;Angleterre, les Pays-Bas et l&rsquo;Autriche sont \u00e9galement touch\u00e9s.<br \/>\nCe papillon nocturne para\u00eet tr\u00e8s bien adapt\u00e9 \u00e0\u00a0 nos climats et prolif\u00e8re sans pr\u00e9dateur connu \u00e0\u00a0 ce jour. On l&rsquo;a vu attaquer certaines esp\u00e8ces de fusains et de houx. Il faut donc \u00eatre tr\u00e8s vigilant et traiter rapidement sinon A Dieu, iront aussi nos jardins \u00e0\u00a0 la Le N tre !<br \/>\nOu alors, il nous faudra b\u00e9nir des branches d&rsquo;olivier comme en Italie, de laurier comme dans certains d\u00e9partements fran\u00e7ais, du  saule comme en Angleterre ou en Pologne, de houx comme en  Hollande, des branches d&rsquo;if ou de sapin comme dans d&rsquo;autres pays du monde<br \/>\nA tous, bonne Semaine Sainte !<br \/>\nL&rsquo;eco, le rendez-vous ecolo de l&rsquo;Echo<br \/>\nA la suite de cet article, retrouvez le commentaire de l&rsquo;\u00e9vangile du jour, par le p\u00e8re Tony Wiertz.<\/p>\n<\/div>\n<div align=\"justify\">\n<p> \u00ab Hosanna ! B\u00e9ni soit celui qui vient au nom du Seigneur \u00bb.<br \/>\n  Une entr\u00e9e triomphale qui tourne mal. Un J\u00e9sus qui fait corps avec l&rsquo;\u00e2non qui le porte, signe du Messie qui se pr\u00e9sente aux hommes. Il fait corps aussi avec cette foule. Mais ces applaudissements sont-ils vrai ? N&rsquo;y-a-t-il pas des personnes qui applaudissent comme des pa\u00efens. Aujourd&rsquo;hui, Christ fait corps avec l&rsquo;humanit\u00e9 mais qui sont-ils ceux qui font Corps du Christ ? \u00ab Quand le Fils de l&rsquo;homme reviendra\u00e2\u20ac\u00a6\u00e2\u20ac\u00a6 \u00bb ?<br \/>\n <\/p>\n<div align=\"center\"><img decoding=\"async\" src=\"\/IMG\/jpg\/jc-rameaux.jpg\" width=350><\/div>\n<p> Il est plus que g\u00eanant pour un certain nombre de personnes. Les grands pr\u00eatres jaloux de leur prestige, veulent se d\u00e9barrasser de cet homme. Parmi les ap\u00f4tres, Judas choisit le parti du pouvoir et de l&rsquo;argent. Lorsque le pouvoir n&rsquo;est pas ajust\u00e9 au projet de Dieu, lorsque l&rsquo;argent devient ma \u00eetre, la haine et la violence entre les hommes se fait jour. Ainsi sont n\u00e9s les guerres.<\/p>\n<p> M\u00eame s&rsquo;il faut que je meurs avec toi, je ne te renierai pas. Chacun de nous sait ce que sont devenues ces paroles de Pierre. Et cela a continu\u00e9 au cours des si\u00e8cles. Rien d&rsquo;\u00e9tonnant. Si les hommes \u00e9taient parfaits, l&rsquo;Eglise n&rsquo;existerait pas. L&rsquo;Eglise est obligatoirement compos\u00e9e de p\u00e9cheurs qui comptent sur la mis\u00e9ricorde Dieu. Il est important d&rsquo;entendre chanter le coq. C&rsquo;est une invitation \u00e0 la conversion.<\/p>\n<p> Pilate sait bien que J\u00e9sus est innocent. Pilate n&rsquo;est pas aveugle. Il savait bien que toutes les accusations \u00e9taient fausses : \u00ab Qu&rsquo;a-t-il donc fait de mal ? \u00bb Malgr\u00e9 que Pilate ne trouve aucun mal qui m\u00e9rit\u00e9 jugement, il contente la foule. Il n&rsquo;a pas eu le courage d&rsquo;agir dans la v\u00e9rit\u00e9. Il s&rsquo;est laiss\u00e9 manipuler.<br \/>\nQuand l&rsquo;homme se laisse manipuler, l&rsquo;injustice s&rsquo;installe.<\/p>\n<div align=\"center\"><img decoding=\"async\" src=\"\/IMG\/jpg\/jc-en_croix.jpg\" width=450><\/div>\n<p> J\u00e9sus, le Messie, aurait pu \u00e9viter la croix. Il avait le pouvoir de sauver les hommes d&rsquo;une autre fa\u00e7on ! Le fait est l\u00e0 : par la Croix il manifeste sa grande disponibilit\u00e9 au P\u00e8re qui signifie sa grande libert\u00e9<br \/>\nNous sommes invit\u00e9s \u00e0 rester disponible au Christ en vue de la vraie libert\u00e9 qui consiste a \u00eatre pleinement lib\u00e9r\u00e9 du mal.<\/p>\n<p> Tonny Wiertz, pr\u00eatre<\/p>\n<div align=\"center\"><img decoding=\"async\" src=\"\/IMG\/jpg\/semainesainte.jpg\" width=750><\/div>\n<\/div>\n","protected":false},"excerpt":{"rendered":"<p>Le dimanche des Rameaux, dont le nom liturgique est \u00ab\u00a0Dimanche des Rameaux et de la Passion\u00a0\u00bb est le d\u00e9but de la \u00ab\u00a0Semaine sainte\u00a0\u00bb. Cette f\u00eate comm\u00e9more \u00e0\u00a0 la fois deux \u00e9v\u00e8nements qui semblent bien&#46;&#46;&#46;<\/p>\n","protected":false},"author":2,"featured_media":0,"comment_status":"open","ping_status":"open","sticky":false,"template":"","format":"standard","meta":{"footnotes":""},"categories":[],"tags":[],"class_list":["post-1131","post","type-post","status-publish","format-standard","hentry"],"_links":{"self":[{"href":"http:\/\/www.chapelle-crecy.com\/index.php?rest_route=\/wp\/v2\/posts\/1131","targetHints":{"allow":["GET"]}}],"collection":[{"href":"http:\/\/www.chapelle-crecy.com\/index.php?rest_route=\/wp\/v2\/posts"}],"about":[{"href":"http:\/\/www.chapelle-crecy.com\/index.php?rest_route=\/wp\/v2\/types\/post"}],"author":[{"embeddable":true,"href":"http:\/\/www.chapelle-crecy.com\/index.php?rest_route=\/wp\/v2\/users\/2"}],"replies":[{"embeddable":true,"href":"http:\/\/www.chapelle-crecy.com\/index.php?rest_route=%2Fwp%2Fv2%2Fcomments&post=1131"}],"version-history":[{"count":0,"href":"http:\/\/www.chapelle-crecy.com\/index.php?rest_route=\/wp\/v2\/posts\/1131\/revisions"}],"wp:attachment":[{"href":"http:\/\/www.chapelle-crecy.com\/index.php?rest_route=%2Fwp%2Fv2%2Fmedia&parent=1131"}],"wp:term":[{"taxonomy":"category","embeddable":true,"href":"http:\/\/www.chapelle-crecy.com\/index.php?rest_route=%2Fwp%2Fv2%2Fcategories&post=1131"},{"taxonomy":"post_tag","embeddable":true,"href":"http:\/\/www.chapelle-crecy.com\/index.php?rest_route=%2Fwp%2Fv2%2Ftags&post=1131"}],"curies":[{"name":"wp","href":"https:\/\/api.w.org\/{rel}","templated":true}]}}