{"id":1132,"date":"2018-03-28T21:00:00","date_gmt":"2018-03-28T21:00:00","guid":{"rendered":""},"modified":"-0001-11-30T00:00:00","modified_gmt":"-0001-11-29T22:00:00","slug":"","status":"publish","type":"post","link":"http:\/\/www.chapelle-crecy.com\/?p=1132","title":{"rendered":"Jeudi Saint: les chr\u00e9tiens comm\u00e9morent la C\u00e8ne  le repas o\u00f9 J\u00e9sus a b\u00e9ni le pain et le vin pour la premi\u00e8re fois"},"content":{"rendered":"<div alin=\"justify\">\nLe jeudi-saint est le jour de l&rsquo;institution de l&rsquo;Eucharistie par le Seigneur J\u00e9sus Christ. C&rsquo;est pourquoi, ce jour-l\u00e0\u00a0 sont honor\u00e9s les pr\u00eatres que l&rsquo;Eglise a appel\u00e9s pour accompagner les \u00e9v\u00eaques dans le service de l&rsquo;annonce, de la sanctification et de la conduite du Peuple de Dieu, pour la gloire de Dieu et le salut du monde.<br \/>\n En ce Jeudi Saint, commen\u00e7ons \u00e0\u00a0 m\u00e9diter:  <\/p>\n<div align=\"center\"><img decoding=\"async\" src=\"\/IMG\/jpg\/jeudisaint.jpg\" width=750><\/div>\n<p>Puis, enfin d&rsquo;article, nous vous inviterons \u00e0\u00a0 prier pour nos pr\u00eatres.<br \/>\nMais avant, depuis ce dimanche des Rameaux, le p\u00e8re Tony Wiertz nous fait part de ses commentaires d&rsquo;Evangile. Poursuivons avec lui, notre mont\u00e9e vers P\u00e2ques. Il nous parle aujourd&rsquo;hui des heures lourdes qui ont pr\u00e9c\u00e9d\u00e9s l&rsquo;atroce suplice du Vendredi Saint de notre Seigneur J\u00e9sus-Christ &#8230;<\/p><\/div>\n<div align=\"justify\">\n La P\u00e2que approche.<br \/>\n Quel dr\u00f4le de P\u00e2que. F\u00eater la lib\u00e9ration de l&rsquo;esclavage de l&rsquo;Egypte tandis que J\u00e9sus entre dans sa Passion. C&rsquo;est son heure. L&rsquo;ambiance est lourde. Les grands pr\u00eatres et les scribes cherchent comment arr\u00eater J\u00e9sus. Un disciple va le trahir, le vendre. Un autre va le renier. Tous deux sont \u00e0 table avec J\u00e9sus. C&rsquo;est son dernier repas avant de rejoindre le P\u00e8re. Une P\u00e2que qui ne sera pas comme auparavant. Une P\u00e2que qui annonce un temps nouveau. Le temps o\u00f9 la semence du Royaume est jet\u00e9e en terre par la mort-R\u00e9surrection. Cette semence sortira de terre et deviendra un jour le Royaume de Dieu, \u00e0 la fin des temps. Pour cela, le Seigneur donne deux signes : le lavement des pieds et l&rsquo;institution de l&rsquo;Eucharistie.<\/p>\n<div align=\"center\"><img decoding=\"async\" src=\"\/IMG\/jpg\/lavement-2.jpg\" width=250><\/div>\n<p> Le lavement des pieds.<br \/>\n Ne trouvez-vous pas choquant le lavement de pieds pendant un repas de f\u00eate. Avant le repas, cela aurait du sens. Au milieu de la f\u00eate, J\u00e9sus se pr\u00e9sente comme esclave. Il se d\u00e9pouille de ses v\u00eatements. Sur la croix, il sera d\u00e9pouill\u00e9. Comme un esclave, il se met aux pieds des ap\u00f4tres. Il se fait petit et vuln\u00e9rable. Par ce geste, on dirait que la croix est rendue visible. Par ce geste de purification, J\u00e9sus symbolise le service qu&rsquo;il rend \u00e0 l&rsquo;humanit\u00e9 sur la croix en la purifiant.<br \/>\n J\u00e9sus, au milieu de la f\u00eate, rend pr\u00e9sent la croix du lendemain : croix qui sauve l&rsquo;humanit\u00e9. Il pr\u00e9sente sa mort comme un service rendu \u00e0 l&rsquo;humanit\u00e9.<\/p>\n<div align=\"center\"><img decoding=\"async\" src=\"\/IMG\/jpg\/eucharistie-tableau.jpg\" width=250><\/div>\n<p> L&rsquo;institution de l&rsquo;Eucharistie. Afin que les hommes, apr\u00e8s la r\u00e9surrection et la pentec\u00f4te, puissent se nourrir sur la route pascale qui m\u00e8ne au Royaume c\u00e9leste, J\u00e9sus a donn\u00e9 ce don indispensable : l&rsquo;Eucharistie. Se nourrir de dimanche \u00e0 dimanche afin d&rsquo;\u00eatre pr\u00e9sence du Christ dans notre monde.<br \/>\nL&rsquo;Eucharistie nous donne de pouvoir accomplir la mission d&rsquo;offrir \u00e0 Dieu le P\u00e8re \u00ab le pain de la vie et la coupe du salut \u00bb.  (P.E. 2 = Pri\u00e8re Eucharistique n\u00c2\u00b02 que l&rsquo;on trouve dans le Missel du dimanche). Enfin, elle nous permet de rendre gr\u00e2ce de nous avoir choisis pour que nous puissions le servir dans notre monde. (cf. P.E. 2).<\/p>\n<div align=\"center\">-*-*-*-*-*-*-*-*-*-*-*-*-*-*-*-*-*-*-*-*-*-*-*-*-*-*-*-*-*-<\/div>\n<p> Alors, en ce Jeudi Saint, prions pour nos pr\u00eatres:    <\/p>\n<p> Seigneur, nous te rendons gr\u00e2ce pour les pr\u00eatres du monde entier<br \/>\n et plus particuli\u00e8rement pour ceux que tu mets sur notre route.<\/p>\n<p> Habite-les de ta pr\u00e9sence afin que nos rencontres avec eux soient des rencontres avec Toi.<\/p>\n<p> Renouvelle chaque jour en eux le \u00e2\u20ac\u0153Oui\u00e2\u20ac\u009d qu&rsquo;ils ont su te dire<br \/>\net fais de leur fid\u00e9lit\u00e9 une lumi\u00e8re pour le monde.<\/p>\n<p> Dieu de tendresse et d&rsquo;amour,<br \/>\nprends piti\u00e9 de ceux qui se sentent bless\u00e9s, d\u00e9courag\u00e9s.<br \/>\n<br \/>\n Habite-les de ta pr\u00e9sence afin que nos rencontres avec eux soient des rencontres avec Toi.<\/p>\n<p>R\u00e9conforte les pr\u00eatres \u00e2g\u00e9s, malades et ceux qui vont mourir.<\/p>\n<p> Seigneur, mets en notre coeur, \u00e0 l&rsquo;\u00e9gard des pr\u00eatres,<br \/>\nrespect, gratitude et compr\u00e9hension.<br \/>\nFais-nous reconna \u00eetre en eux des hommes de cette eucharistie dont nous vivons<br \/>\net ceux par qui se manifestent ta mis\u00e9ricorde et ton pardon.<\/p>\n<p> Donne-nous d&rsquo;\u00eatre, l\u00e0 o\u00f9 nous sommes, tes serviteurs humbles et discrets, travaillant avec eux, selon nos moyens, \u00e0 la venue de ton R\u00e8gne.<\/p>\n<p> Seigneur J\u00e9sus, tu sais \u00e0 quel point nous avons besoin de pr\u00eatres pour faire route vers le P\u00e8re.<br \/>\n Nous t&rsquo;en supplions, suscite en ton Eglise de nombreux pasteurs selon ton coeur.\n<\/p><\/div>\n","protected":false},"excerpt":{"rendered":"<p>Le jeudi-saint est le jour de l&rsquo;institution de l&rsquo;Eucharistie par le Seigneur J\u00e9sus Christ. C&rsquo;est pourquoi, ce jour-l\u00e0\u00a0 sont honor\u00e9s les pr\u00eatres que l&rsquo;Eglise a appel\u00e9s pour accompagner les \u00e9v\u00eaques dans le service de&#46;&#46;&#46;<\/p>\n","protected":false},"author":2,"featured_media":0,"comment_status":"open","ping_status":"open","sticky":false,"template":"","format":"standard","meta":{"footnotes":""},"categories":[],"tags":[],"class_list":["post-1132","post","type-post","status-publish","format-standard","hentry"],"_links":{"self":[{"href":"http:\/\/www.chapelle-crecy.com\/index.php?rest_route=\/wp\/v2\/posts\/1132","targetHints":{"allow":["GET"]}}],"collection":[{"href":"http:\/\/www.chapelle-crecy.com\/index.php?rest_route=\/wp\/v2\/posts"}],"about":[{"href":"http:\/\/www.chapelle-crecy.com\/index.php?rest_route=\/wp\/v2\/types\/post"}],"author":[{"embeddable":true,"href":"http:\/\/www.chapelle-crecy.com\/index.php?rest_route=\/wp\/v2\/users\/2"}],"replies":[{"embeddable":true,"href":"http:\/\/www.chapelle-crecy.com\/index.php?rest_route=%2Fwp%2Fv2%2Fcomments&post=1132"}],"version-history":[{"count":0,"href":"http:\/\/www.chapelle-crecy.com\/index.php?rest_route=\/wp\/v2\/posts\/1132\/revisions"}],"wp:attachment":[{"href":"http:\/\/www.chapelle-crecy.com\/index.php?rest_route=%2Fwp%2Fv2%2Fmedia&parent=1132"}],"wp:term":[{"taxonomy":"category","embeddable":true,"href":"http:\/\/www.chapelle-crecy.com\/index.php?rest_route=%2Fwp%2Fv2%2Fcategories&post=1132"},{"taxonomy":"post_tag","embeddable":true,"href":"http:\/\/www.chapelle-crecy.com\/index.php?rest_route=%2Fwp%2Fv2%2Ftags&post=1132"}],"curies":[{"name":"wp","href":"https:\/\/api.w.org\/{rel}","templated":true}]}}