{"id":1133,"date":"2018-03-29T20:30:00","date_gmt":"2018-03-29T20:30:00","guid":{"rendered":""},"modified":"-0001-11-30T00:00:00","modified_gmt":"-0001-11-29T22:00:00","slug":"","status":"publish","type":"post","link":"http:\/\/www.chapelle-crecy.com\/?p=1133","title":{"rendered":"Vendredi Saint: la Passion de J\u00e9sus"},"content":{"rendered":"<div align=\"justify\">Le P\u00e8re Tony Wiertz nous guide, sur les pas de J\u00e9sus, vers sa mort-r\u00e9surrection.<br \/>\n En ce Vendredi Saint, commen\u00e7ons \u00e0\u00a0 m\u00e9diter:  <\/p>\n<div align=\"center\"><img decoding=\"async\" src=\"\/IMG\/jpg\/vendredisaint.jpg\" width=750><\/div>\n<p>(1) Retrouvez en pi\u00e8ce jointe en bas de cet article, la pri\u00e8re de la neuvaine \u00e0\u00a0 la Mis\u00e9ricorde divine. C&rsquo;est l&rsquo;occasion de plonger dans la mis\u00e9ricorde divine le monde entier et nos proches. De grandes gr ces sont d\u00e9vers\u00e9es en ce temps  pascal. Ouvrons nos coeurs. <\/p>\n<div align=\"justify\"><img decoding=\"async\" src=\"\/IMG\/jpg\/divine-misericorde.jpg\" width=450><\/div>\n<p>Mais, aujourd&rsquo;hui, Vendredi Saint, le p\u00e8re Tony nous interroge:<br \/>\nC&rsquo;\u00e9tait une tunique sans couture.Ne la d\u00e9chirons pas \u00bb<br \/>\nPourquoi donc Saint Jean tient-il \u00e0\u00a0 s&rsquo;attarder \u00e0\u00a0 un tel d\u00e9tail ? Pourquoi insiste-t-il ? &#8230;\n<\/p><\/div>\n<div align=\"justify\">\n Nous le savons tous ! Cette tunique sans couture et qui ne fut pas d\u00e9chir\u00e9 symbolise l&rsquo;unit\u00e9 de l&rsquo;Eglise. L&rsquo;unit\u00e9 des disciples est pour Jean, indispensable. N&rsquo;est-ce pas l&rsquo;un des objectifs pour lequel le Christ meurt : \u00ab J\u00e9sus allait mourir pour la nation, et non pas pour la nation seulement, mais encore afin de rassembler dans l&rsquo;unit\u00e9 les enfants de Dieu dispers\u00e9s \u00bb (Jn. 11, 51).<\/p>\n<p> Aujourd&rsquo;hui, ce soir, nous avons \u00e0 prendre conscience que l&rsquo;unit\u00e9 n&rsquo;est pas d&rsquo;abord un objectif \u00e0 atteindre mais surtout un don \u00e0 accueillir. Il y a un p\u00e8re d&rsquo;Eglise, Saint Cyprien (3e s.) qui le souligne fortement.<br \/>\n Il nous invite \u00e0 bien regarder ce qui se passe par rapport aux v\u00eatements de J\u00e9sus.<br \/>\nIl y a la veste ou le manteau. C&rsquo;est le v\u00eatement ext\u00e9rieur. De plus, il portait pr\u00e8s du corps un autre v\u00eatement, la tunique. St. Cyprien nous explique que cela est bien symbolique. La tunique est tiss\u00e9e de haut en bas. Cela indique que l&rsquo;unit\u00e9 apport\u00e9e par le Christ vient d&rsquo;en haut, du P\u00e8re c\u00e9leste. De ce fait, cette tunique ne peut \u00eatre divis\u00e9e. L&rsquo;unit\u00e9 qui existe entre le P\u00e8re et le Fils ne peut \u00eatre d\u00e9truite. Les hommes sont appel\u00e9s \u00e0 recevoir int\u00e9gralement cette unit\u00e9.<br \/>\n La veste ou le manteau \u00e9tait le v\u00eatement ext\u00e9rieur, visible. Tr\u00e8s symbolique aussi. Les soldats l&rsquo;ont divis\u00e9 en quatre. Pas la tunique ! Le manteau divis\u00e9 en quatre, veut bien dire que les hommes peuvent diviser l&rsquo;Eglise dans ce qu&rsquo;elle a d&rsquo;humain et de visible.<br \/>\n Au cours des si\u00e8cles, le manteau est bien divis\u00e9. Il ne le sera plus lorsque tous les croyants en Christ accueilleront ensemble et pleinement l&rsquo;unit\u00e9 qui existe entre le P\u00e8re et le Fils. Ce sera l&rsquo;accomplissement du Royaume qui n&rsquo;est pas de ce monde.\n<\/p><\/div>\n","protected":false},"excerpt":{"rendered":"<p>Le P\u00e8re Tony Wiertz nous guide, sur les pas de J\u00e9sus, vers sa mort-r\u00e9surrection. En ce Vendredi Saint, commen\u00e7ons \u00e0\u00a0 m\u00e9diter: (1) Retrouvez en pi\u00e8ce jointe en bas de cet article, la pri\u00e8re de&#46;&#46;&#46;<\/p>\n","protected":false},"author":2,"featured_media":0,"comment_status":"open","ping_status":"open","sticky":false,"template":"","format":"standard","meta":{"footnotes":""},"categories":[],"tags":[],"class_list":["post-1133","post","type-post","status-publish","format-standard","hentry"],"_links":{"self":[{"href":"http:\/\/www.chapelle-crecy.com\/index.php?rest_route=\/wp\/v2\/posts\/1133","targetHints":{"allow":["GET"]}}],"collection":[{"href":"http:\/\/www.chapelle-crecy.com\/index.php?rest_route=\/wp\/v2\/posts"}],"about":[{"href":"http:\/\/www.chapelle-crecy.com\/index.php?rest_route=\/wp\/v2\/types\/post"}],"author":[{"embeddable":true,"href":"http:\/\/www.chapelle-crecy.com\/index.php?rest_route=\/wp\/v2\/users\/2"}],"replies":[{"embeddable":true,"href":"http:\/\/www.chapelle-crecy.com\/index.php?rest_route=%2Fwp%2Fv2%2Fcomments&post=1133"}],"version-history":[{"count":0,"href":"http:\/\/www.chapelle-crecy.com\/index.php?rest_route=\/wp\/v2\/posts\/1133\/revisions"}],"wp:attachment":[{"href":"http:\/\/www.chapelle-crecy.com\/index.php?rest_route=%2Fwp%2Fv2%2Fmedia&parent=1133"}],"wp:term":[{"taxonomy":"category","embeddable":true,"href":"http:\/\/www.chapelle-crecy.com\/index.php?rest_route=%2Fwp%2Fv2%2Fcategories&post=1133"},{"taxonomy":"post_tag","embeddable":true,"href":"http:\/\/www.chapelle-crecy.com\/index.php?rest_route=%2Fwp%2Fv2%2Ftags&post=1133"}],"curies":[{"name":"wp","href":"https:\/\/api.w.org\/{rel}","templated":true}]}}