{"id":1134,"date":"2018-04-01T04:30:00","date_gmt":"2018-04-01T04:30:00","guid":{"rendered":""},"modified":"-0001-11-30T00:00:00","modified_gmt":"-0001-11-29T22:00:00","slug":"","status":"publish","type":"post","link":"http:\/\/www.chapelle-crecy.com\/?p=1134","title":{"rendered":"Bonne f\u00eate de P\u00e2que. Que le Christ soit notre Lumi\u00e8re."},"content":{"rendered":"<div align=\"justify\">Le p\u00e8re Tony Wiertz nous \u00e9claire aujourd&rsquo;hui sur le myst\u00e8re de la r\u00e9surrection du Christ, \u00e0\u00a0 travers Marie-Madeleine. Bonnes f\u00eates de P\u00e2ques \u00e0\u00a0 tous et \u00e0\u00a0 chacun. Que la vie renouvel\u00e9e par notre Seigneur J\u00e9sus-Christ inonde votre vie !\n<\/div>\n<p>Marie-Madeleine a du mal \u00e0 vivre l&rsquo;absence de J\u00e9sus. C&rsquo;est une s\u00e9paration inacceptable. Pourtant le Seigneur avait bien dit qu&rsquo;il devait passer par la mort. Je ne sais comment elle a v\u00e9cu le Sabbat. Il n&rsquo;\u00e9tait pas question d&rsquo;aller au tombeau le jour du Sabbat. Le premier jour de la semaine (dimanche), tr\u00e8s t\u00f4t, il y a encore des t\u00e9n\u00e8bres, elle y va. Surprise\u00e2\u20ac\u00a6 de loin elle aper\u00e7oit que la pierre a \u00e9t\u00e9 roul\u00e9e. Un tombeau vide. O\u00f9 est le corps ? Qui l&rsquo;a enlev\u00e9 ? Toute de suite, elle va avertir Pierre et Jean.<\/p>\n<div align=\"center\"><img decoding=\"async\" src=\"\/IMG\/jpg\/eglise-paque.jpg\" width=350><\/div>\n<p> Marie-Madeleine est la premi\u00e8re \u00e0 d\u00e9couvrir le tombeau vide. C&rsquo;est le premier t\u00e9moin du tombeau vide mais sans avoir d\u00e9couvert le sens de ce vide.. Elle devient la messag\u00e8re du tombeau vide. Messag\u00e8re aupr\u00e8s des Ap\u00f4tres. Messag\u00e8re d&rsquo;un \u00e9v\u00e9nement qu&rsquo;elle n&rsquo;a pas encore d\u00e9couvert. Elle se trouve tout simplement devant un vide qui ne lui dit rien.<br \/>\n C&rsquo;est elle qui va annoncer le tombeau vide \u00e0 Pierre et Jean. Jean voit, il croit. Il voit le tombeau vide, le suaire et le linge. Ces signes lui font croire que J\u00e9sus est vivant. Et Pierre a-t-il cru ? Le texte ne le dit pas. On peut supposer qu&rsquo;il n&rsquo;a pas saisit le signe. Il est peu sensible au signe. On le voit lors de la p\u00eache miraculeuse apr\u00e8s la r\u00e9surrection. C&rsquo;est Jean qui doit lui dire : \u00ab C&rsquo;est le Seigneur \u00bb (cf. Jn. 21)<\/p>\n<p> Notre messag\u00e8re, Marie-Madeleine, devient peu de temps apr\u00e8s l&rsquo;ap\u00f4tre des ap\u00f4tres. Dommage que la suite du texte ne nous est pas donn\u00e9 aujourd&rsquo;hui. Pendant que les disciples \u00e9taient dans la tombeau, Marie-Madeleine \u00e9tait rest\u00e9 dehors. Voil\u00e0 que le Seigneur lui appara \u00eet et elle est charg\u00e9 d&rsquo;une mission d&rsquo;ap\u00f4tre : \u00ab Va trouver mes fr\u00e8res et dis-leur que je monte vers mon P\u00e8re, vers mon Dieu qui est votre Dieu \u00bb.<\/p>\n<p> A la Pentec\u00f4te o\u00f9 l&rsquo;Esprit vient \u00e9clairer le tombeau vide, tous les baptis\u00e9s sont appel\u00e9s \u00e0 annoncer que le Christ est ressuscit\u00e9 ; qu&rsquo;Il est vivant. Que tous, nous sommes invit\u00e9s \u00e0 croire particuli\u00e8rement aux deux signes, parmi d&rsquo;autres, qu&rsquo;il nous \u00e0 laiss\u00e9 : La Parole et l&rsquo;Eucharistie.<br \/>\nL&rsquo;Esprit de la Pentec\u00f4te, nous l&rsquo;avons re\u00e7u\u00e2\u20ac\u00a6 alors\u00e2\u20ac\u00a6bonne f\u00eate de P\u00e2que.<\/p>\n<p> P\u00e8re Tony Wiertz<\/p>\n","protected":false},"excerpt":{"rendered":"<p>Le p\u00e8re Tony Wiertz nous \u00e9claire aujourd&rsquo;hui sur le myst\u00e8re de la r\u00e9surrection du Christ, \u00e0\u00a0 travers Marie-Madeleine. Bonnes f\u00eates de P\u00e2ques \u00e0\u00a0 tous et \u00e0\u00a0 chacun. Que la vie renouvel\u00e9e par notre Seigneur&#46;&#46;&#46;<\/p>\n","protected":false},"author":2,"featured_media":0,"comment_status":"open","ping_status":"open","sticky":false,"template":"","format":"standard","meta":{"footnotes":""},"categories":[],"tags":[],"class_list":["post-1134","post","type-post","status-publish","format-standard","hentry"],"_links":{"self":[{"href":"http:\/\/www.chapelle-crecy.com\/index.php?rest_route=\/wp\/v2\/posts\/1134","targetHints":{"allow":["GET"]}}],"collection":[{"href":"http:\/\/www.chapelle-crecy.com\/index.php?rest_route=\/wp\/v2\/posts"}],"about":[{"href":"http:\/\/www.chapelle-crecy.com\/index.php?rest_route=\/wp\/v2\/types\/post"}],"author":[{"embeddable":true,"href":"http:\/\/www.chapelle-crecy.com\/index.php?rest_route=\/wp\/v2\/users\/2"}],"replies":[{"embeddable":true,"href":"http:\/\/www.chapelle-crecy.com\/index.php?rest_route=%2Fwp%2Fv2%2Fcomments&post=1134"}],"version-history":[{"count":0,"href":"http:\/\/www.chapelle-crecy.com\/index.php?rest_route=\/wp\/v2\/posts\/1134\/revisions"}],"wp:attachment":[{"href":"http:\/\/www.chapelle-crecy.com\/index.php?rest_route=%2Fwp%2Fv2%2Fmedia&parent=1134"}],"wp:term":[{"taxonomy":"category","embeddable":true,"href":"http:\/\/www.chapelle-crecy.com\/index.php?rest_route=%2Fwp%2Fv2%2Fcategories&post=1134"},{"taxonomy":"post_tag","embeddable":true,"href":"http:\/\/www.chapelle-crecy.com\/index.php?rest_route=%2Fwp%2Fv2%2Ftags&post=1134"}],"curies":[{"name":"wp","href":"https:\/\/api.w.org\/{rel}","templated":true}]}}