{"id":1135,"date":"2018-03-31T09:00:00","date_gmt":"2018-03-31T09:00:00","guid":{"rendered":""},"modified":"-0001-11-30T00:00:00","modified_gmt":"-0001-11-29T22:00:00","slug":"","status":"publish","type":"post","link":"http:\/\/www.chapelle-crecy.com\/?p=1135","title":{"rendered":"Honneur au lieutenant-colonnel Arnaud Beltrame"},"content":{"rendered":"<div align=\"justify\">En pensant \u00e0\u00a0 ce qui s&rsquo;est pass\u00e9 \u00e0\u00a0 Tr\u00e8bes, le 23 mars dernier,<br \/>\nje ne puis m&#8217;emp\u00eacher aujourd&rsquo;hui d&rsquo;\u00e9voquer avec vous la vie de Saint Maximilien Kolbe&#8230;\n<\/div>\n<div align=\"justify\">\n Maximilien \u00e9tait un pr\u00eatre franciscain polonais, n\u00e9 \u00e0 la fin du XIXeme si\u00e8cle et passionn\u00e9 par les m\u00e9dias et les nouvelles technologies. Il avait, pour le compte du Vatican d\u00e9velopp\u00e9 de nouveaux organes de presse et notamment des radios partout dans le monde, afin de ne pas laisser les ondes aux ennemis de l&rsquo;Eglise.<\/p>\n<p> En 1941, il est d\u00e9port\u00e9 par la Gestapo au camp d&rsquo;Auschwitz. Alors qu&rsquo;un homme de son baraquement avait tent\u00e9 de s&rsquo;enfuir, les kapos d\u00e9cident de s\u00e9lectionner 10 hommes pour qu&rsquo;ils soient condamn\u00e9s \u00e0 mourir de faim. Parmi ces derniers, un p\u00e8re de famille terroris\u00e9 \u00e0 l&rsquo;id\u00e9e de ne plus revoir les siens. Le p\u00e8re Kolbe s&rsquo;avance alors, et propose aux nazis de prendre la place de ce dernier. C&rsquo;est accept\u00e9. Il verra mourir ses 9 compagnons d&rsquo;infortune en les accompagnant par ses chants et ses pri\u00e8res, et mourra finalement fusill\u00e9 deux semaines plus tard.<\/p>\n<p> Maximilien Kolbe a \u00e9t\u00e9 canonis\u00e9 en 1982, et reconnu martyr par Jean Paul II.\n<\/p><\/div>\n<p> Mais, le disait au cours d&rsquo;une hom\u00e9lie un p\u00e8re dominicain de Lille, cet acte du don de la vie est plus qu&rsquo;un acte h\u00e9ro\u00efque, et n&rsquo;a de sens que gr\u00e2ce \u00e0 la r\u00e9surrection du Christ. S&rsquo;il n&rsquo;y avait pas la vie apr\u00e8s la mort que nous a promise J\u00e9sus, cet acte de sacrifice total serait compl\u00e8tement vain. <\/p>\n<p> Puissent Sainte Genevi\u00e8ve de Paris, Sainte Patronne de la Gendarmerie et Saint Maximilien Kolbe accueillir aupr\u00e8s du P\u00e8re, le Lieutenant-Colonel Arnaud Beltrame.<\/p>\n","protected":false},"excerpt":{"rendered":"<p>En pensant \u00e0\u00a0 ce qui s&rsquo;est pass\u00e9 \u00e0\u00a0 Tr\u00e8bes, le 23 mars dernier, je ne puis m&#8217;emp\u00eacher aujourd&rsquo;hui d&rsquo;\u00e9voquer avec vous la vie de Saint Maximilien Kolbe&#8230; Maximilien \u00e9tait un pr\u00eatre franciscain polonais, n\u00e9&#46;&#46;&#46;<\/p>\n","protected":false},"author":2,"featured_media":0,"comment_status":"open","ping_status":"open","sticky":false,"template":"","format":"standard","meta":{"footnotes":""},"categories":[],"tags":[],"class_list":["post-1135","post","type-post","status-publish","format-standard","hentry"],"_links":{"self":[{"href":"http:\/\/www.chapelle-crecy.com\/index.php?rest_route=\/wp\/v2\/posts\/1135","targetHints":{"allow":["GET"]}}],"collection":[{"href":"http:\/\/www.chapelle-crecy.com\/index.php?rest_route=\/wp\/v2\/posts"}],"about":[{"href":"http:\/\/www.chapelle-crecy.com\/index.php?rest_route=\/wp\/v2\/types\/post"}],"author":[{"embeddable":true,"href":"http:\/\/www.chapelle-crecy.com\/index.php?rest_route=\/wp\/v2\/users\/2"}],"replies":[{"embeddable":true,"href":"http:\/\/www.chapelle-crecy.com\/index.php?rest_route=%2Fwp%2Fv2%2Fcomments&post=1135"}],"version-history":[{"count":0,"href":"http:\/\/www.chapelle-crecy.com\/index.php?rest_route=\/wp\/v2\/posts\/1135\/revisions"}],"wp:attachment":[{"href":"http:\/\/www.chapelle-crecy.com\/index.php?rest_route=%2Fwp%2Fv2%2Fmedia&parent=1135"}],"wp:term":[{"taxonomy":"category","embeddable":true,"href":"http:\/\/www.chapelle-crecy.com\/index.php?rest_route=%2Fwp%2Fv2%2Fcategories&post=1135"},{"taxonomy":"post_tag","embeddable":true,"href":"http:\/\/www.chapelle-crecy.com\/index.php?rest_route=%2Fwp%2Fv2%2Ftags&post=1135"}],"curies":[{"name":"wp","href":"https:\/\/api.w.org\/{rel}","templated":true}]}}