{"id":1136,"date":"2018-04-01T14:05:18","date_gmt":"2018-04-01T14:05:18","guid":{"rendered":""},"modified":"-0001-11-30T00:00:00","modified_gmt":"-0001-11-29T22:00:00","slug":"","status":"publish","type":"post","link":"http:\/\/www.chapelle-crecy.com\/?p=1136","title":{"rendered":"Annonces du 2 au 8 avril 2018"},"content":{"rendered":"<div align=\"justify\">Voici les annonces de la semaine du lundi 2 au dimanche 8 avril 2018 pour la paroisse des 3 clochers Cr\u00e9cy-la-Chapelle, Villiers-sur-Morin, Voulangis. <\/p>\n<p>Samedi 7 \u00e0\u00a0 18 h 30, messe \u00e0\u00a0 Villiers, <br \/>\nDimanche 8 avril \u00e0\u00a0 9 h 45, messe \u00e0\u00a0 Cr\u00e9cy. <\/p>\n<p>Tous les d\u00e9tails dans la suite &#8230;\n<\/p><\/div>\n<div align=\"center\">\n<table bgcolor =\"FFF6F0\" border=0>\n<tbody>\n<tr>\n<td><font color=\"00CC00\"><\/p>\n<div align=\"center\"><img decoding=\"async\" src=\"\/IMG\/personnes\/richard_chichester.jpg\" width=200><br \/><i>Saint Richard de Chichester<\/i> <\/div>\n<p><\/font><\/td>\n<td width=400><font color=\"00CC00\"><\/p>\n<div align=\"center\">\n<b>Lundi 2 avril<\/b> <br \/> <br \/>\n17 h &#8211; Messe \u00e0 la Maison de Retraite.<\/p>\n<p><b>Mardi 3 avril <\/b><br \/>\n<i>Saint Richard de Chichester<\/i><br \/>\n18 h &#8211; Messe \u00e0 Cr\u00e9cy pour la famille PAULIN.\n<\/div>\n<p><\/font><\/td>\n<\/tr>\n<\/tbody>\n<\/table>\n<\/div>\n<p> <\/p>\n<div align=\"center\">\n<table bgcolor =\"F0F0F6\" border=0>\n<tbody>\n<td width=400><font color=\"0E0C40\"><\/p>\n<div align=\"center\">\n<b>Mercredi 4 avril<\/b><br \/>\n9 h &#8211;  Messe \u00e0 Cr\u00e9cy pour Albert DELAUNA<br \/>\n11 h &#8211; Obs\u00e8ques \u00e0 Cr\u00e9cy de Mario CARPANEDO<\/p>\n<p>\n<b>Jeudi 5 avril<\/b><br \/>\n<i>Sainte Ir\u00e8ne<\/i><br \/>\nPas de messe en paroisse<\/p>\n<p>\n<b>Vendredi 6 avril<\/b><br \/>\nPas de messe en paroisse\n<\/div>\n<p><\/font><\/td>\n<td><font color=\"0E0C40\"><\/p>\n<div align=\"center\"><img decoding=\"async\" src=\"\/IMG\/personnes\/irene.jpg\" width=200><br \/><i>Sainte Ir\u00e8ne<\/i><\/div>\n<p><\/font><\/td>\n<\/tr>\n<\/tbody>\n<\/table>\n<p> <\/p>\n<table bgcolor =\"FFF6F0\" border=0>\n<tbody>\n<tr>\n<td><font color=\"00CC00\"><\/p>\n<div align=\"center\"><img decoding=\"async\" src=\"\/IMG\/personnes\/jean-baptiste-de-la-salle.jpg\" width=200><br \/>\n<i>St Jean-Baptiste de la Salle<\/i><\/div>\n<p><\/font><\/td>\n<td width=400><font color=\"00CC00\"><\/p>\n<div align=\"center\">\n<b>Samedi 7 avril<\/b><br \/>\n<i>St Jean-Baptiste de la Salle <\/i><br \/>\n18 h 30 &#8211; Messe \u00e0 Villiers pour Alexandrine DIBON et Frank DJOLO.<\/p>\n<p><b>Dimanche 8 avril<\/b> <br \/> <br \/>\n9 h 45 &#8211; A Cr\u00e9cy, Messe participative avec les enfants de la Cat\u00e9ch\u00e8se. Elle sera c\u00e9l\u00e9br\u00e9e pour  Catherine RUYDAVETS et Lucien BOIN, Annie GAUTHIER et Maurice CAUGNE.<br \/>\nNous prierons aussi pour Mario CARPANEDO inhum\u00e9 cette semaine.<br \/>\nBapt\u00eame d&rsquo;Enora DURIEUX.\n<\/div>\n<p><\/font><\/td>\n<\/tr>\n<\/tbody>\n<\/table>\n<\/div>\n","protected":false},"excerpt":{"rendered":"<p>Voici les annonces de la semaine du lundi 2 au dimanche 8 avril 2018 pour la paroisse des 3 clochers Cr\u00e9cy-la-Chapelle, Villiers-sur-Morin, Voulangis. Samedi 7 \u00e0\u00a0 18 h 30, messe \u00e0\u00a0 Villiers, Dimanche 8&#46;&#46;&#46;<\/p>\n","protected":false},"author":2,"featured_media":0,"comment_status":"open","ping_status":"open","sticky":false,"template":"","format":"standard","meta":{"footnotes":""},"categories":[],"tags":[],"class_list":["post-1136","post","type-post","status-publish","format-standard","hentry"],"_links":{"self":[{"href":"http:\/\/www.chapelle-crecy.com\/index.php?rest_route=\/wp\/v2\/posts\/1136","targetHints":{"allow":["GET"]}}],"collection":[{"href":"http:\/\/www.chapelle-crecy.com\/index.php?rest_route=\/wp\/v2\/posts"}],"about":[{"href":"http:\/\/www.chapelle-crecy.com\/index.php?rest_route=\/wp\/v2\/types\/post"}],"author":[{"embeddable":true,"href":"http:\/\/www.chapelle-crecy.com\/index.php?rest_route=\/wp\/v2\/users\/2"}],"replies":[{"embeddable":true,"href":"http:\/\/www.chapelle-crecy.com\/index.php?rest_route=%2Fwp%2Fv2%2Fcomments&post=1136"}],"version-history":[{"count":0,"href":"http:\/\/www.chapelle-crecy.com\/index.php?rest_route=\/wp\/v2\/posts\/1136\/revisions"}],"wp:attachment":[{"href":"http:\/\/www.chapelle-crecy.com\/index.php?rest_route=%2Fwp%2Fv2%2Fmedia&parent=1136"}],"wp:term":[{"taxonomy":"category","embeddable":true,"href":"http:\/\/www.chapelle-crecy.com\/index.php?rest_route=%2Fwp%2Fv2%2Fcategories&post=1136"},{"taxonomy":"post_tag","embeddable":true,"href":"http:\/\/www.chapelle-crecy.com\/index.php?rest_route=%2Fwp%2Fv2%2Ftags&post=1136"}],"curies":[{"name":"wp","href":"https:\/\/api.w.org\/{rel}","templated":true}]}}