{"id":1138,"date":"2018-04-08T10:00:00","date_gmt":"2018-04-08T10:00:00","guid":{"rendered":""},"modified":"-0001-11-30T00:00:00","modified_gmt":"-0001-11-29T22:00:00","slug":"","status":"publish","type":"post","link":"http:\/\/www.chapelle-crecy.com\/?p=1138","title":{"rendered":"Annonces du 9 au 15 avril 2018"},"content":{"rendered":"<div align=\"justify\">Voici les annonces de la semaine du lundi 2 au dimanche 8 avril 2018 pour la paroisse des 3 clochers Cr\u00e9cy-la-Chapelle, Villiers-sur-Morin, Voulangis. <\/p>\n<p>Samedi 14 \u00e0\u00a0 18 h 30, messe \u00e0\u00a0 Voulangis, <br \/>\nDimanche 15 avril \u00e0\u00a0 9 h 45, messe \u00e0\u00a0 Cr\u00e9cy. <\/p>\n<p>Tous les d\u00e9tails dans la suite &#8230;\n<\/p><\/div>\n<div align=\"center\">\n<table bgcolor =\"FFF6F0\" border=0>\n<tbody>\n<tr>\n<td><font color=\"00CC00\"><\/p>\n<div align=\"center\"><img decoding=\"async\" src=\"\/IMG\/personnes\/annonciation.jpg\" width=200><br \/><i>Annonciation \u00e0 la Vierge Marie<\/i> <\/div>\n<p><\/font><\/td>\n<td width=400><font color=\"00CC00\"><\/p>\n<div align=\"center\">\n<b>Lundi 9 avril<\/b> <br \/> <br \/>\n<i>Annonciation \u00e0 la Vierge Marie  (*)<\/i><br \/>\n14 h 30 &#8211; R\u00e9union de l&rsquo;Equipe du Rosaire chez madame LOUIS.<br \/>                           15 h &#8211; A Voulangis, Obs\u00e8ques de Raymond PONARD.<br \/>\n17 h &#8211; C\u00e9l\u00e9bration \u00e0 la Maison de Retraite.<br \/>\n20 h 30 &#8211; R\u00e9union de l&rsquo;Equipe d&rsquo;Animation Pastorale.<\/p>\n<p><b>Mardi 10 avril <\/b><br \/>\nPas de messe en paroisse.\n<\/div>\n<p><\/font><\/td>\n<\/tr>\n<\/tbody>\n<\/table>\n<\/div>\n<p> <\/p>\n<div align=\"center\">\n<table bgcolor =\"F0F0F6\" border=0>\n<tbody>\n<td width=400><font color=\"0E0C40\"><\/p>\n<div align=\"center\">\n<b>Mercredi 11 avril<\/b><br \/>\nPas de messe en paroisse<\/p>\n<p> <br \/>\n<b>Jeudi 12 avril<\/b><br \/>\n&#8211; 18 h &#8211; Messe \u00e0 Cr\u00e9cy pour Dominique BERGAMASHI<br \/>\n&#8211; 20 h 30 &#8211; \u00e0  Cr\u00e9cy \u00e0 l&rsquo;\u00e9glise St Georges<br \/>\nSoir\u00e9e de cat\u00e9ch\u00e8se par le P\u00e8re BELTRAMELLI<br \/>\nsur le th\u00e8me : \u00ab\u00a0Esp\u00e9rer pour  tous\u00a0\u00bb, avec des t\u00e9moins de la Foi et de l&rsquo;actualit\u00e9 culturelle.<\/p>\n<p><b>Vendredi 13 avril<\/b><br \/>\n<i>Sainte Ida<\/i><br \/>\n9 h &#8211; Messe \u00e0 Cr\u00e9cy pour Yvette MARILLIER.\n<\/div>\n<p><\/font><\/td>\n<td><font color=\"0E0C40\"><\/p>\n<div align=\"center\"><img decoding=\"async\" src=\"\/IMG\/personnes\/ida.jpg\" width=200><br \/><i>Sainte Ida<\/i><\/div>\n<p><\/font><\/td>\n<\/tr>\n<\/tbody>\n<\/table>\n<p> <\/p>\n<table bgcolor =\"F0FFF0\" border=0>\n<tbody>\n<tr>\n<td><font color=\"678060\"><\/p>\n<div align=\"center\"><img decoding=\"async\" src=\"\/IMG\/personnes\/patern.jpg\" width=200><br \/>\n<i>St Patern, \u00e9v\u00eaque de Vannes<\/i><\/div>\n<p><\/font><\/td>\n<td width=400><font color=\"678060\"><\/p>\n<div align=\"center\">\n<b>Samedi 14 avril<\/b><br \/>\n18 h 30 &#8211; Messe \u00e0 Voulangis pour Maryvonne MATHONNET et Pierre BEAUMONT. Nous prierons aussi pour Raymond PONARD inhum\u00e9 cette semaine.<\/p>\n<p><b>Dimanche 15 avril<\/b> <br \/> <br \/>\n<i>Troisi\u00e8me dimanche de P\u00e2ques<\/i> <br \/>\n<i>Saint Patern<\/i><br \/>\n9 h 45 &#8211; Messe \u00e0 Cr\u00e9cy pour Yolande MERCERON et Colette COLLOT.<br \/>\nCe sera \u00e9galement le Bapt\u00eame de Claire RIEGERT.\n<\/div>\n<p><\/font><\/td>\n<\/tr>\n<\/tbody>\n<\/table>\n<\/div>\n<div align=\"justify\"><i>(*) : Lorsque le 25 mars est dans la Semaine Sainte, la f\u00eate de l&rsquo;Annonciation est c\u00e9l\u00e9br\u00e9e le premier jour hors f\u00eate, c&rsquo;est-\u00e0-dire le lundi qui suit la semaine de P\u00e2ques; d&rsquo;un point de vue liturgique, la semaine qui suit la f\u00eate de P\u00e2ques ne fait qu&rsquo;un avec la f\u00eate elle-m\u00eame. <\/i><\/div>\n","protected":false},"excerpt":{"rendered":"<p>Voici les annonces de la semaine du lundi 2 au dimanche 8 avril 2018 pour la paroisse des 3 clochers Cr\u00e9cy-la-Chapelle, Villiers-sur-Morin, Voulangis. Samedi 14 \u00e0\u00a0 18 h 30, messe \u00e0\u00a0 Voulangis, Dimanche 15&#46;&#46;&#46;<\/p>\n","protected":false},"author":2,"featured_media":0,"comment_status":"open","ping_status":"open","sticky":false,"template":"","format":"standard","meta":{"footnotes":""},"categories":[],"tags":[],"class_list":["post-1138","post","type-post","status-publish","format-standard","hentry"],"_links":{"self":[{"href":"http:\/\/www.chapelle-crecy.com\/index.php?rest_route=\/wp\/v2\/posts\/1138","targetHints":{"allow":["GET"]}}],"collection":[{"href":"http:\/\/www.chapelle-crecy.com\/index.php?rest_route=\/wp\/v2\/posts"}],"about":[{"href":"http:\/\/www.chapelle-crecy.com\/index.php?rest_route=\/wp\/v2\/types\/post"}],"author":[{"embeddable":true,"href":"http:\/\/www.chapelle-crecy.com\/index.php?rest_route=\/wp\/v2\/users\/2"}],"replies":[{"embeddable":true,"href":"http:\/\/www.chapelle-crecy.com\/index.php?rest_route=%2Fwp%2Fv2%2Fcomments&post=1138"}],"version-history":[{"count":0,"href":"http:\/\/www.chapelle-crecy.com\/index.php?rest_route=\/wp\/v2\/posts\/1138\/revisions"}],"wp:attachment":[{"href":"http:\/\/www.chapelle-crecy.com\/index.php?rest_route=%2Fwp%2Fv2%2Fmedia&parent=1138"}],"wp:term":[{"taxonomy":"category","embeddable":true,"href":"http:\/\/www.chapelle-crecy.com\/index.php?rest_route=%2Fwp%2Fv2%2Fcategories&post=1138"},{"taxonomy":"post_tag","embeddable":true,"href":"http:\/\/www.chapelle-crecy.com\/index.php?rest_route=%2Fwp%2Fv2%2Ftags&post=1138"}],"curies":[{"name":"wp","href":"https:\/\/api.w.org\/{rel}","templated":true}]}}