{"id":1139,"date":"2018-04-08T10:30:00","date_gmt":"2018-04-08T10:30:00","guid":{"rendered":""},"modified":"-0001-11-30T00:00:00","modified_gmt":"-0001-11-29T22:00:00","slug":"","status":"publish","type":"post","link":"http:\/\/www.chapelle-crecy.com\/?p=1139","title":{"rendered":"2\u00e8me dimanche de P\u00e2ques 2018"},"content":{"rendered":"<div align=\"justify\">Une semaine est pass\u00e9e depuis l&rsquo;\u00e9v\u00e8nement de la r\u00e9surrection de J\u00e9sus-Christ, au matin de P\u00e2ques. Que nous apprend ce 2nd dimanche de P que, o\u00f9 J\u00e9sus se manifeste aupr\u00e8s des ap\u00f4tres. Le p\u00e8re Tony Wiertz nous donne son commentaire \u00e9clair\u00e9 &#8230;<\/div>\n<\/div>\n<div align=\"justify\">\n Le tombeau est ouvert, vide.<br \/>\n  Les disciples sont enferm\u00e9s. Avant la mort de J\u00e9sus, au cours du proc\u00e8s, les disciples \u00e9taient dispers\u00e9s. Depuis l&rsquo;histoire du tombeau vide et depuis que Marie-Madeleine a vu le Seigneur, ils sont ensembles mais enferm\u00e9s. Enferm\u00e9s comme dans un tombeau. Voil\u00e0 que d&rsquo;un seul coup, sans qu&rsquo;une porte s&rsquo;ouvre, J\u00e9sus est au milieu d&rsquo;eux. Ce J\u00e9sus ressuscit\u00e9 tient \u00e0 bien manifester qu&rsquo;il a \u00e9t\u00e9 mis \u00e0 mort sur une croix en montrant ses mains et son c\u00f4t\u00e9. La croix est le signe par excellence de sa fid\u00e9lit\u00e9 au P\u00e8re. D\u00e9sormais, Il est celui qui lib\u00e8re l&rsquo;homme de tout mal. S&rsquo;il choisit des disciples que nous sommes, c&rsquo;est pour le dire au monde.<\/p>\n<div align=\"center\"><img decoding=\"async\" src=\"\/IMG\/jpg\/soleil.jpg\" width=450><\/div>\n<p> Pour que ses disciples puisse \u00eatre signe de sa pr\u00e9sence dans ce monde,, J\u00e9sus souffle sur eux.<br \/>\n Les disciples vont pouvoir respirer le m\u00eame souffle que J\u00e9sus. Insuffl\u00e9 par l&rsquo;Esprit cr\u00e9ateur, l&rsquo;Esprit peut exercer sa cr\u00e9ativit\u00e9 \u00e0 travers les hommes. Le Christ ressuscit\u00e9 donne la force aux hommes de sortir de leur tombeau afin d&rsquo;\u00eatre des vivants.<\/p>\n<p> Ce jour-l\u00e0 o\u00f9 J\u00e9sus se manifeste \u00e0 ses disciples, il y a un absent : Thomas. O\u00f9 \u00e9tait-il ? Pourquoi n&rsquo;\u00e9tait-il pas l\u00e0 ? S\u00fbrement, cette absence veut dire quelque chose pour Saint Jean !<br \/>\nThomas qui \u00e9tait-il ? C&rsquo;est bien l&rsquo;homme du d\u00e9sir et du chemin. C&rsquo;est quelqu&rsquo;un d\u00e9cid\u00e9 \u00e0 aller jusqu&rsquo;au bout. N&rsquo;est-ce pas lui qui disait : \u00ab Allons et mourons avec lui \u00bb (Jn.11,16). Au moment de la C\u00e8ne, dans la nuit, il avait demand\u00e9 \u00e0 J\u00e9sus : \u00ab Nous ne savons pas o\u00f9 tu vas. Comment en conna \u00eetrions-nous le chemin ? \u00bb (Jn.14, 15). Et voil\u00e0 que le Seigneur lui r\u00e9pond : \u00ab Je suis le chemin, la v\u00e9rit\u00e9 et la vie \u00bb.<br \/>\n \u00ab Huit jours plus tard \u00bb, Thomas est l\u00e0. Ce jour, J\u00e9sus devient lumi\u00e8re et vie pour lui. S&rsquo;il est l\u00e0, c&rsquo;est parce qu&rsquo;il veut voir et toucher. J\u00e9sus lui dit : \u00ab avance ton doigt ici et vois mes mains\u00e2\u20ac\u00a6 cesse d&rsquo;\u00eatre incr\u00e9dule, sois croyants \u00bb. Saint Augustin dit : \u00ab Il a voulu toucher l&rsquo;homme, il a reconnu Dieu \u00bb. Maintenant le Christ devient vraiment le chemin pour lui.<br \/>\n Notre vie humaine dans tout son v\u00e9cu concret est le chemin de notre vie divine. Il est au milieu de nous. Ne gardons pas les portes verrouill\u00e9es.<\/p>\n<p> Tonny Wiertz, pr\u00eatre\n<\/p><\/div>\n","protected":false},"excerpt":{"rendered":"<p>Une semaine est pass\u00e9e depuis l&rsquo;\u00e9v\u00e8nement de la r\u00e9surrection de J\u00e9sus-Christ, au matin de P\u00e2ques. Que nous apprend ce 2nd dimanche de P que, o\u00f9 J\u00e9sus se manifeste aupr\u00e8s des ap\u00f4tres. Le p\u00e8re Tony&#46;&#46;&#46;<\/p>\n","protected":false},"author":2,"featured_media":0,"comment_status":"open","ping_status":"open","sticky":false,"template":"","format":"standard","meta":{"footnotes":""},"categories":[],"tags":[],"class_list":["post-1139","post","type-post","status-publish","format-standard","hentry"],"_links":{"self":[{"href":"http:\/\/www.chapelle-crecy.com\/index.php?rest_route=\/wp\/v2\/posts\/1139","targetHints":{"allow":["GET"]}}],"collection":[{"href":"http:\/\/www.chapelle-crecy.com\/index.php?rest_route=\/wp\/v2\/posts"}],"about":[{"href":"http:\/\/www.chapelle-crecy.com\/index.php?rest_route=\/wp\/v2\/types\/post"}],"author":[{"embeddable":true,"href":"http:\/\/www.chapelle-crecy.com\/index.php?rest_route=\/wp\/v2\/users\/2"}],"replies":[{"embeddable":true,"href":"http:\/\/www.chapelle-crecy.com\/index.php?rest_route=%2Fwp%2Fv2%2Fcomments&post=1139"}],"version-history":[{"count":0,"href":"http:\/\/www.chapelle-crecy.com\/index.php?rest_route=\/wp\/v2\/posts\/1139\/revisions"}],"wp:attachment":[{"href":"http:\/\/www.chapelle-crecy.com\/index.php?rest_route=%2Fwp%2Fv2%2Fmedia&parent=1139"}],"wp:term":[{"taxonomy":"category","embeddable":true,"href":"http:\/\/www.chapelle-crecy.com\/index.php?rest_route=%2Fwp%2Fv2%2Fcategories&post=1139"},{"taxonomy":"post_tag","embeddable":true,"href":"http:\/\/www.chapelle-crecy.com\/index.php?rest_route=%2Fwp%2Fv2%2Ftags&post=1139"}],"curies":[{"name":"wp","href":"https:\/\/api.w.org\/{rel}","templated":true}]}}