{"id":1141,"date":"2018-04-13T20:00:00","date_gmt":"2018-04-13T20:00:00","guid":{"rendered":""},"modified":"-0001-11-30T00:00:00","modified_gmt":"-0001-11-29T22:00:00","slug":"","status":"publish","type":"post","link":"http:\/\/www.chapelle-crecy.com\/?p=1141","title":{"rendered":"Annonces du 14 au 22 avril 2018"},"content":{"rendered":"<div align=\"justify\">Voici les annonces de la p\u00e9riode du samedi 14 au dimanche 22 avril 2018 pour la paroisse des 3 clochers Cr\u00e9cy-la-Chapelle, Villiers-sur-Morin, Voulangis. <\/p>\n<p>Samedi 14 \u00e0\u00a0 18 h 30, messe \u00e0\u00a0 Voulangis, <br \/>\nDimanche 15 avril \u00e0\u00a0 9 h 45, messe \u00e0\u00a0 Cr\u00e9cy. <br \/> <br \/>\nSamedi 21 \u00e0\u00a0 18 h 30, messe \u00e0\u00a0 Villiers, <br \/>\nDimanche 22 avril \u00e0\u00a0 9 h 45, messe \u00e0\u00a0 Cr\u00e9cy. <\/p>\n<p>Tous les d\u00e9tails dans la suite &#8230;\n<\/p><\/div>\n<div align=\"center\">\n<table bgcolor =\"F0FFF0\" border=0>\n<tbody>\n<tr>\n<td width=400><font color=\"678060\"><\/p>\n<div align=\"center\">\n<b>Samedi 14 avril<\/b><br \/>\n18 h 30 &#8211; Messe \u00e0 Voulangis pour Maryvonne MATHONNET et Pierre BEAUMONT. Nous prierons aussi pour Raymond PONARD inhum\u00e9 cette semaine.<\/p>\n<p><b>Dimanche 15 avril<\/b> <br \/> <br \/>\n<i>Troisi\u00e8me dimanche de P\u00e2ques<\/i> <br \/>\n<i>Saint Patern<\/i><br \/>\n9 h 45 &#8211; Messe \u00e0 Cr\u00e9cy pour Yolande MERCERON et Colette COLLOT.<br \/>\nCe sera \u00e9galement le Bapt\u00eame de Claire RIEGERT.\n<\/div>\n<p><\/font><\/td>\n<td><font color=\"678060\"><\/p>\n<div align=\"center\"><img decoding=\"async\" src=\"\/IMG\/personnes\/patern.jpg\" width=200><br \/>\n<i>St Patern, \u00e9v\u00eaque de Vannes<\/i><\/div>\n<p><\/font><\/td>\n<\/tr>\n<\/tbody>\n<\/table>\n<p> <\/p>\n<table bgcolor =\"FFF6F0\" border=0>\n<tbody>\n<tr>\n<td><font color=\"00CC00\"><\/p>\n<div align=\"center\"><img decoding=\"async\" src=\"\/IMG\/personnes\/kateri.jpg\" width=200><br \/><i>Sainte Kateri<\/i> <\/div>\n<p><\/font><\/td>\n<td width=400><font color=\"00CC00\"><\/p>\n<div align=\"center\">\n<b>Lundi 16 avril<\/b> <br \/> <br \/>\n10 h 30 &#8211; Obs\u00e8ques \u00e0 Cr\u00e9cy de Ren\u00e9e PASQUEAUX.<br \/>\n17 h &#8211; C\u00e9l\u00e9bration \u00e0 la Maison de Retraite.<\/p>\n<p><b>Mardi 17 avril <\/b><br \/>\n<i>Sainte Kateri Tekakwitha<\/i><br \/>\n10 h 30 &#8211; Obs\u00e8ques \u00e0 Cr\u00e9cy de Marie-Claire GROSJEAN .\n<\/div>\n<p><\/font><\/td>\n<\/tr>\n<\/tbody>\n<\/table>\n<\/div>\n<p> <\/p>\n<div align=\"center\">\n<table bgcolor =\"F0F0F6\" border=0>\n<tbody>\n<td width=400><font color=\"0E0C40\"><\/p>\n<div align=\"center\">\n<b>Mercredi 18 avril<\/b><br \/>\n10 h 30 &#8211; Obs\u00e8ques \u00e0 Cr\u00e9cy  Jacqueline de SAINT MICHEL.<\/p>\n<p> <br \/>\n<b>Jeudi 19 avril<\/b><br \/>\n<i>Sainte Emma<\/i><br \/>\n18 h &#8211; Messe \u00e0 Cr\u00e9cy pour Yvette PELOUX et Emile PENICAUD.<\/p>\n<p>\n<b>Vendredi 20 avril<\/b><br \/>\n9 h -Messe  \u00e0 Cr\u00e9cy pour  la r\u00e9paration d&rsquo;un p\u00e9ch\u00e9 et la conversion des p\u00e9cheurs.\n<\/div>\n<p><\/font><\/td>\n<td><font color=\"0E0C40\"><\/p>\n<div align=\"center\"><img decoding=\"async\" src=\"\/IMG\/personnes\/emma.jpg\" width=200><br \/><i>Sainte Emma<\/i><\/div>\n<p><\/font><\/td>\n<\/tr>\n<\/tbody>\n<\/table>\n<p> <\/p>\n<table bgcolor =\"F0FFF0\" border=0>\n<tbody>\n<tr>\n<td><font color=\"678060\"><\/p>\n<div align=\"center\"><img decoding=\"async\" src=\"\/IMG\/personnes\/anselme.jpg\" width=200><br \/>\n<i>Saint Anselme<\/i><\/div>\n<p><\/font><\/td>\n<td width=400><font color=\"678060\"><\/p>\n<div align=\"center\">\n<b>Samedi 21 avril<\/b><br \/>\n<i>Saint Anselme<\/i><bR><br \/>\n18 h 30 &#8211; Messe \u00e0 Villiers pour Jean ROSIER.<\/p>\n<p><b>Dimanche 22 avril<\/b> <br \/> <br \/>\n9 h 45 &#8211; Messe \u00e0 Cr\u00e9cy pour Michel ROUQUAIROL.<br \/>\nNous prierons \u00e9galement  pour les trois personnes inhum\u00e9es cette semaine : Marie-Claire GROSJEAN -Ren\u00e9e  PASQUEAUX et Jacqueline de SAINT MICHEL.<br \/>\n<br \/> <br \/>\nSamedi 21 et dimanche 22 avril : QUETE SPECIALE POUR LES VOCATIONS\n<\/div>\n<p><\/font><\/td>\n<\/tr>\n<\/tbody>\n<\/table>\n<\/div>\n","protected":false},"excerpt":{"rendered":"<p>Voici les annonces de la p\u00e9riode du samedi 14 au dimanche 22 avril 2018 pour la paroisse des 3 clochers Cr\u00e9cy-la-Chapelle, Villiers-sur-Morin, Voulangis. Samedi 14 \u00e0\u00a0 18 h 30, messe \u00e0\u00a0 Voulangis, Dimanche 15&#46;&#46;&#46;<\/p>\n","protected":false},"author":2,"featured_media":0,"comment_status":"open","ping_status":"open","sticky":false,"template":"","format":"standard","meta":{"footnotes":""},"categories":[],"tags":[],"class_list":["post-1141","post","type-post","status-publish","format-standard","hentry"],"_links":{"self":[{"href":"http:\/\/www.chapelle-crecy.com\/index.php?rest_route=\/wp\/v2\/posts\/1141","targetHints":{"allow":["GET"]}}],"collection":[{"href":"http:\/\/www.chapelle-crecy.com\/index.php?rest_route=\/wp\/v2\/posts"}],"about":[{"href":"http:\/\/www.chapelle-crecy.com\/index.php?rest_route=\/wp\/v2\/types\/post"}],"author":[{"embeddable":true,"href":"http:\/\/www.chapelle-crecy.com\/index.php?rest_route=\/wp\/v2\/users\/2"}],"replies":[{"embeddable":true,"href":"http:\/\/www.chapelle-crecy.com\/index.php?rest_route=%2Fwp%2Fv2%2Fcomments&post=1141"}],"version-history":[{"count":0,"href":"http:\/\/www.chapelle-crecy.com\/index.php?rest_route=\/wp\/v2\/posts\/1141\/revisions"}],"wp:attachment":[{"href":"http:\/\/www.chapelle-crecy.com\/index.php?rest_route=%2Fwp%2Fv2%2Fmedia&parent=1141"}],"wp:term":[{"taxonomy":"category","embeddable":true,"href":"http:\/\/www.chapelle-crecy.com\/index.php?rest_route=%2Fwp%2Fv2%2Fcategories&post=1141"},{"taxonomy":"post_tag","embeddable":true,"href":"http:\/\/www.chapelle-crecy.com\/index.php?rest_route=%2Fwp%2Fv2%2Ftags&post=1141"}],"curies":[{"name":"wp","href":"https:\/\/api.w.org\/{rel}","templated":true}]}}