{"id":1144,"date":"2018-04-14T09:15:00","date_gmt":"2018-04-14T09:15:00","guid":{"rendered":""},"modified":"-0001-11-30T00:00:00","modified_gmt":"-0001-11-29T22:00:00","slug":"","status":"publish","type":"post","link":"http:\/\/www.chapelle-crecy.com\/?p=1144","title":{"rendered":"3\u00e8me dimanche de P\u00e2ques 2018"},"content":{"rendered":"<div align=\"justify\">Vous n&rsquo;avez pas l&rsquo;impression que les ap\u00f4tres ont du mal \u00e0\u00a0 croire que le Christ est ressuscit\u00e9 ?<br \/>\nLe matin du premier jour, Pierre, apr\u00e8s avoir \u00e9t\u00e9 averti par les femmes, voit bien le tombeau vide. Il voit bien les bandelettes. Il reste dans l&rsquo;\u00e9tonnement. C&rsquo;est tout. Serait-il comme les autres qui ne croyaient en la parole des femmes ?\n<\/div>\n<div align=\"justify\">\nEt le soir, quand les disciples d&rsquo;Emma\u00c3\u00bcs ont racont\u00e9 leur v\u00e9cu, Pierre a-t-il cru ? Ce n&rsquo;est pas certain. Rien d&rsquo;\u00e9tonnant d&rsquo;ailleurs. Un ap\u00f4tre a besoin des t\u00e9moignages de ses fr\u00e8res et soeurs chr\u00e9tiens. Et cela toute sa vie !<\/p>\n<p> Pendant que les disciples d&rsquo;Emma\u00c3\u00bcs racontent leur exp\u00e9rience, voil\u00e0 que J\u00e9sus est au milieu d&rsquo;eux.<br \/>\n \u00ab La paix soit avec vous \u00bb. J\u00e9sus vient consoler, avec des paroles de paix, les disciples remplis de peurs et de doutes. Sa pr\u00e9sence  leur apporte la paix. Il montre ses blessures, ils peuvent le toucher. Ce n&rsquo;est pas un fant\u00f4me. Malgr\u00e9 leur joie, ils ne croyaient pas et se posent toujours des questions. J\u00e9sus n&rsquo;h\u00e9site pas \u00e0 demander s&rsquo;ils ont quelque chose \u00e0 manger. J\u00e9sus tient \u00e0 manifester qu&rsquo;il est vivant, le Vivant. Apr\u00e8s, il aimerait bien qu&rsquo;ils fassent un grand pas : croire \u00e0 la r\u00e9surrection gr\u00e2ce aux Ecritures.<\/p>\n<div align=\"center\"><img decoding=\"async\" src=\"\/IMG\/jpg\/troisieme-2.jpg\" width=450><\/div>\n<p> Grace aux Ecritures nous d\u00e9couvrir le Christ ressuscit\u00e9.<br \/>\n Dans la mesure o\u00f9 nous nous laissons habiter par la Parole de Dieu, le Christ fait demeure chez nous, en chacun de nous. C&rsquo;est une demeure o\u00f9 les portes et fen\u00eatres sont ouvertes.<br \/>\nUne personne qui se laisse habiter par le Christ ressuscit\u00e9, devient obligatoirement accueil. Ainsi \u00e0 travers une telle personne on peut toucher le Seigneur. Il y a l\u00e0 une pr\u00e9sence du Seigneur. Pour le Seigneur, c&rsquo;est une des mani\u00e8res d&rsquo;\u00eatre pr\u00e9sent parmi les hommes.<br \/>\nD&rsquo;une certaine mani\u00e8re, l&rsquo;homme peut aussi le toucher \u00e0 travers le corps eucharistique. Le Christ ressuscit\u00e9 s&rsquo;y rend pr\u00e9sent. En recevant le corps de J\u00e9sus, nous recevons le germe de notre propre r\u00e9surrection Affermi dans la foi, nous pouvons \u00eatre t\u00e9moins du Christ ressuscit\u00e9.<\/p>\n<p> Tonny Wiertz, pr\u00eatre\n<\/p><\/div>\n","protected":false},"excerpt":{"rendered":"<p>Vous n&rsquo;avez pas l&rsquo;impression que les ap\u00f4tres ont du mal \u00e0\u00a0 croire que le Christ est ressuscit\u00e9 ? Le matin du premier jour, Pierre, apr\u00e8s avoir \u00e9t\u00e9 averti par les femmes, voit bien le&#46;&#46;&#46;<\/p>\n","protected":false},"author":2,"featured_media":0,"comment_status":"open","ping_status":"open","sticky":false,"template":"","format":"standard","meta":{"footnotes":""},"categories":[],"tags":[],"class_list":["post-1144","post","type-post","status-publish","format-standard","hentry"],"_links":{"self":[{"href":"http:\/\/www.chapelle-crecy.com\/index.php?rest_route=\/wp\/v2\/posts\/1144","targetHints":{"allow":["GET"]}}],"collection":[{"href":"http:\/\/www.chapelle-crecy.com\/index.php?rest_route=\/wp\/v2\/posts"}],"about":[{"href":"http:\/\/www.chapelle-crecy.com\/index.php?rest_route=\/wp\/v2\/types\/post"}],"author":[{"embeddable":true,"href":"http:\/\/www.chapelle-crecy.com\/index.php?rest_route=\/wp\/v2\/users\/2"}],"replies":[{"embeddable":true,"href":"http:\/\/www.chapelle-crecy.com\/index.php?rest_route=%2Fwp%2Fv2%2Fcomments&post=1144"}],"version-history":[{"count":0,"href":"http:\/\/www.chapelle-crecy.com\/index.php?rest_route=\/wp\/v2\/posts\/1144\/revisions"}],"wp:attachment":[{"href":"http:\/\/www.chapelle-crecy.com\/index.php?rest_route=%2Fwp%2Fv2%2Fmedia&parent=1144"}],"wp:term":[{"taxonomy":"category","embeddable":true,"href":"http:\/\/www.chapelle-crecy.com\/index.php?rest_route=%2Fwp%2Fv2%2Fcategories&post=1144"},{"taxonomy":"post_tag","embeddable":true,"href":"http:\/\/www.chapelle-crecy.com\/index.php?rest_route=%2Fwp%2Fv2%2Ftags&post=1144"}],"curies":[{"name":"wp","href":"https:\/\/api.w.org\/{rel}","templated":true}]}}