{"id":1145,"date":"2018-05-04T14:04:00","date_gmt":"2018-05-04T14:04:00","guid":{"rendered":""},"modified":"-0001-11-30T00:00:00","modified_gmt":"-0001-11-29T22:00:00","slug":"","status":"publish","type":"post","link":"http:\/\/www.chapelle-crecy.com\/?p=1145","title":{"rendered":"Annonces du 5 au 13 mai 2018"},"content":{"rendered":"<div align=\"justify\">Voici les annonces de la p\u00e9riode du samedi 5 au dimanche 13 mai 2018 pour la paroisse des 3 clochers Cr\u00e9cy-la-Chapelle, Villiers-sur-Morin, Voulangis. <\/p>\n<p>Samedi 5 \u00e0\u00a0 18 h 15, messe \u00e0\u00a0 la coll\u00e9giale, <br \/>\nDimanche 6 \u00e0\u00a0 9 h 45, messe \u00e0\u00a0 la coll\u00e9giale. <br \/> <br \/>\nSamedi 12 \u00e0\u00a0 18 h 30, messe \u00e0\u00a0 Voulangis, <br \/>\nDimanche 13 \u00e0\u00a0 9 h 45, messe \u00e0\u00a0 la coll\u00e9giale. <\/p>\n<p>Tous les d\u00e9tails dans la suite &#8230;\n<\/p><\/div>\n<div align=\"center\">\n<table bgcolor =\"F0FFF0\" border=0>\n<tbody>\n<tr>\n<td width=400><font color=\"678060\"><\/p>\n<div align=\"center\">\n<b>Samedi 5 mai<\/b><br \/>\n<i>Sainte Judith<\/i><br \/>\nde 15 h \u00e0 21 h30 &#8211; Rassemblement des Jeunes du P\u00f4le \u00e0 la Coll\u00e9giale.<br \/>\n18 h 15 &#8211; Messe \u00e0 la coll\u00e9giale.<\/p>\n<p><b>Dimanche 6 mai<\/b> <br \/> <br \/>\n9 h 45 &#8211; Messe \u00e0 la Coll\u00e9giale pour  Mauricette CHAMPIN.<br \/>\nQu\u00eate sp\u00e9ciale pour l&rsquo;Hospitalit\u00e9 de Lourdes.\n<\/div>\n<p><\/font><\/td>\n<td><font color=\"678060\"><\/p>\n<div align=\"center\"><img decoding=\"async\" src=\"https:\/\/upload.wikimedia.org\/wikipedia\/commons\/1\/17\/Judith.jpg\" width=200><br \/>\n<i>Saint Judith<\/i><\/div>\n<p><\/font><\/td>\n<\/tr>\n<\/tbody>\n<\/table>\n<p><\/p>\n<table bgcolor =\"FFF6F0\" border=0>\n<tbody>\n<tr>\n<td><font color=\"00CC00\"><\/p>\n<div align=\"center\"><img decoding=\"async\" src=\"\/IMG\/jpg\/drapeau.jpg\" width=200><\/div>\n<p><\/font><\/td>\n<td width=400><font color=\"00CC00\"><\/p>\n<div align=\"center\">\n<b>Lundi 7 mai<\/b> <br \/> <br \/>\n17 h &#8211; C\u00e9l\u00e9bration \u00e0 la Maison de Retraite.<\/p>\n<p><b>Mardi 8 mai<\/b><br \/>\n<i>Armistice de 1945<\/i><br \/>\n11 h &#8211; Messe \u00e0 Cr\u00e9cy.<\/p>\n<p><b>Mercredi 9 mai<\/b><br \/>\n9 h &#8211; Messe \u00e0 Cr\u00e9cy.<\/p>\n<p> \n<\/div>\n<p><\/font><\/td>\n<\/tr>\n<\/tbody>\n<\/table>\n<p> <\/p>\n<table bgcolor =\"F0F0FF\" border=0>\n<tbody>\n<tr>\n<td width=400><font color=\"678060\"><\/p>\n<div align=\"center\">\n<b>Jeudi 10 mai<\/b><br \/>\n<i>Ascension du Seigneur<\/i><br \/>\n9 h 45 &#8211; Messe \u00e0 la col\u00e9giale.<\/p>\n<p><b>Vendredi 11 mai<\/b><br \/>\n9 h &#8211; Messe \u00e0 Cr\u00e9cy pour Fernande SAUVEGARDE.<\/p>\n<\/div>\n<p><\/font><\/td>\n<td><font color=\"678060\"><img decoding=\"async\" src=\"\/IMG\/lieux\/lourdes09.jpg\" width=200><\/div>\n<p><\/font><\/td>\n<\/tr>\n<\/tbody>\n<\/table>\n<p> <\/p>\n<table bgcolor =\"F0FAFA\" border=0>\n<tbody>\n<tr>\n<td><font color=\"678060\"><img decoding=\"async\" src=\"\/IMG\/personnes\/pancrace.jpg\" width=200><br \/><i>Saint Pancrace<\/i><\/div>\n<p><\/font><\/td>\n<td width=400><font color=\"678060\"><\/p>\n<div align=\"center\">\n<b>Samedi 12 mai<\/b><br \/>\n<i>Saint Pancrace<\/i><br \/>\n18 h 30 &#8211; Messe \u00e0 Voulangis pour Maryvonne MATHONNET.<\/p>\n<p>\n<b>Dimanche 13 mai<\/b> <br \/> <br \/>\n9 h 45 &#8211; Messe \u00e0 la coll\u00e9giale.<\/p>\n<p>samedi  12 et dimanche 13 : QUETE SPECIALE : Journ\u00e9e chr\u00e9tienne de la Communication.\n<\/p><\/div>\n<p><\/font><\/td>\n<\/tr>\n<\/tbody>\n<\/table>\n<\/div>\n","protected":false},"excerpt":{"rendered":"<p>Voici les annonces de la p\u00e9riode du samedi 5 au dimanche 13 mai 2018 pour la paroisse des 3 clochers Cr\u00e9cy-la-Chapelle, Villiers-sur-Morin, Voulangis. Samedi 5 \u00e0\u00a0 18 h 15, messe \u00e0\u00a0 la coll\u00e9giale, Dimanche&#46;&#46;&#46;<\/p>\n","protected":false},"author":2,"featured_media":0,"comment_status":"open","ping_status":"open","sticky":false,"template":"","format":"standard","meta":{"footnotes":""},"categories":[],"tags":[],"class_list":["post-1145","post","type-post","status-publish","format-standard","hentry"],"_links":{"self":[{"href":"http:\/\/www.chapelle-crecy.com\/index.php?rest_route=\/wp\/v2\/posts\/1145","targetHints":{"allow":["GET"]}}],"collection":[{"href":"http:\/\/www.chapelle-crecy.com\/index.php?rest_route=\/wp\/v2\/posts"}],"about":[{"href":"http:\/\/www.chapelle-crecy.com\/index.php?rest_route=\/wp\/v2\/types\/post"}],"author":[{"embeddable":true,"href":"http:\/\/www.chapelle-crecy.com\/index.php?rest_route=\/wp\/v2\/users\/2"}],"replies":[{"embeddable":true,"href":"http:\/\/www.chapelle-crecy.com\/index.php?rest_route=%2Fwp%2Fv2%2Fcomments&post=1145"}],"version-history":[{"count":0,"href":"http:\/\/www.chapelle-crecy.com\/index.php?rest_route=\/wp\/v2\/posts\/1145\/revisions"}],"wp:attachment":[{"href":"http:\/\/www.chapelle-crecy.com\/index.php?rest_route=%2Fwp%2Fv2%2Fmedia&parent=1145"}],"wp:term":[{"taxonomy":"category","embeddable":true,"href":"http:\/\/www.chapelle-crecy.com\/index.php?rest_route=%2Fwp%2Fv2%2Fcategories&post=1145"},{"taxonomy":"post_tag","embeddable":true,"href":"http:\/\/www.chapelle-crecy.com\/index.php?rest_route=%2Fwp%2Fv2%2Ftags&post=1145"}],"curies":[{"name":"wp","href":"https:\/\/api.w.org\/{rel}","templated":true}]}}