{"id":1146,"date":"2018-05-12T11:12:02","date_gmt":"2018-05-12T11:12:02","guid":{"rendered":""},"modified":"-0001-11-30T00:00:00","modified_gmt":"-0001-11-29T22:00:00","slug":"","status":"publish","type":"post","link":"http:\/\/www.chapelle-crecy.com\/?p=1146","title":{"rendered":"Annonces du 14 au 20 mai 2018"},"content":{"rendered":"<div align=\"justify\">Voici les annonces de la p\u00e9riode du lundi 14 au dimanche 20 mai 2018 pour la paroisse des 3 clochers Cr\u00e9cy-la-Chapelle, Villiers-sur-Morin, Voulangis. <\/p>\n<p>Samedi 19 \u00e0\u00a0 18 h 30, messe \u00e0\u00a0 Villiers, <br \/>\nDimanche 20 \u00e0\u00a0 10 h 30, messe \u00e0\u00a0 la coll\u00e9giale.  Profession de foi<\/p>\n<p>Tous les d\u00e9tails dans la suite &#8230;\n<\/p><\/div>\n<div align=\"center\">\n<table bgcolor =\"FFF6F0\" border=0>\n<tbody>\n<tr>\n<td><font color=\"00CC00\"><\/p>\n<div align=\"center\"><img decoding=\"async\" src=\"\/IMG\/personnes\/matthias.jpg\" width=200><br \/>\n<i>Saint Matthias<\/i><\/div>\n<p><\/font><\/td>\n<td width=400><font color=\"00CC00\"><\/p>\n<div align=\"center\">\n<b>Lundi 14 mai<\/b> <br \/> <br \/>\n<i>Saint Matthias<\/i><br \/>\n17 h &#8211; Messe \u00e0 la Maison de Retraite.<br \/> <br \/>\n 20 h 30 &#8211;  R\u00e9union de l&rsquo;Equipe d&rsquo;Animation Pastorale  au presbyt\u00e8re.<\/p>\n<p><b>Mardi 15 mai<\/b><br \/>\nPas de messe en paroisse<\/p>\n<p><b>Mercredi 16 mai<\/b><br \/>\n9 h &#8211; Messe \u00e0 Cr\u00e9cy.\n<\/div>\n<p><\/font><\/td>\n<\/tr>\n<\/tbody>\n<\/table>\n<p> <\/p>\n<table bgcolor =\"F0F0FF\" border=0>\n<tbody>\n<tr>\n<td width=400><font color=\"678060\"><\/p>\n<div align=\"center\">\n<b>Jeudi 17 mai<\/b><br \/>\n<i>Saint Pascal<\/i><br \/>\n18 h &#8211; Messe \u00e0 Cr\u00e9cy.<br \/>\n20 h 30 &#8211; R\u00e9union de l&rsquo;Equipe Accueil au presbyt\u00e8re. <\/p>\n<p><b>Vendredi 18 mai<\/b><br \/>\nPas de messe en paroisse.\n<\/div>\n<p><\/font><\/td>\n<td><font color=\"678060\"><\/p>\n<div align=\"center\"><img decoding=\"async\" src=\"\/IMG\/personnes\/pascal.jpg\" width=200><br \/><i>Saint Pascal<\/i><\/div>\n<p><\/font><\/td>\n<\/tr>\n<\/tbody>\n<\/table>\n<p> <\/p>\n<table bgcolor =\"F0FAFA\" border=0>\n<tbody>\n<tr>\n<td><font color=\"678060\"><\/p>\n<div align=\"center\"><img decoding=\"async\" src=\"\/IMG\/personnes\/yves.jpg\" width=200><br \/><i>Saint Yves<\/i><\/div>\n<p><\/font><\/td>\n<td width=400><font color=\"678060\"><\/p>\n<div align=\"center\">\n<b>Samedi 19 mai<\/b><br \/>\n<i>Saint Yves<\/i><br \/>\n18 h 30 &#8211; Messe \u00e0 Villiers pour Jean ROSIER.<br \/>\n20 h &#8211; Veill\u00e9e de Profession de Foi \u00e0 Voulangis.<\/p>\n<p><b>Dimanche 20 mai<\/b> <br \/> <br \/>\n<i>Solennit\u00e9 de la Pentecote<\/i><br \/>\n10 h 30 &#8211; Messe \u00e0 la coll\u00e9giale. Profession de Foi.<br \/>\nMesse c\u00e9l\u00e9br\u00e9e pour Edmond AGBODJOGBE  et les \u00e2me du Purgatoire.\n<\/div>\n<p><\/font><\/td>\n<\/tr>\n<\/tbody>\n<\/table>\n<\/div>\n","protected":false},"excerpt":{"rendered":"<p>Voici les annonces de la p\u00e9riode du lundi 14 au dimanche 20 mai 2018 pour la paroisse des 3 clochers Cr\u00e9cy-la-Chapelle, Villiers-sur-Morin, Voulangis. Samedi 19 \u00e0\u00a0 18 h 30, messe \u00e0\u00a0 Villiers, Dimanche 20&#46;&#46;&#46;<\/p>\n","protected":false},"author":2,"featured_media":0,"comment_status":"open","ping_status":"open","sticky":false,"template":"","format":"standard","meta":{"footnotes":""},"categories":[],"tags":[],"class_list":["post-1146","post","type-post","status-publish","format-standard","hentry"],"_links":{"self":[{"href":"http:\/\/www.chapelle-crecy.com\/index.php?rest_route=\/wp\/v2\/posts\/1146","targetHints":{"allow":["GET"]}}],"collection":[{"href":"http:\/\/www.chapelle-crecy.com\/index.php?rest_route=\/wp\/v2\/posts"}],"about":[{"href":"http:\/\/www.chapelle-crecy.com\/index.php?rest_route=\/wp\/v2\/types\/post"}],"author":[{"embeddable":true,"href":"http:\/\/www.chapelle-crecy.com\/index.php?rest_route=\/wp\/v2\/users\/2"}],"replies":[{"embeddable":true,"href":"http:\/\/www.chapelle-crecy.com\/index.php?rest_route=%2Fwp%2Fv2%2Fcomments&post=1146"}],"version-history":[{"count":0,"href":"http:\/\/www.chapelle-crecy.com\/index.php?rest_route=\/wp\/v2\/posts\/1146\/revisions"}],"wp:attachment":[{"href":"http:\/\/www.chapelle-crecy.com\/index.php?rest_route=%2Fwp%2Fv2%2Fmedia&parent=1146"}],"wp:term":[{"taxonomy":"category","embeddable":true,"href":"http:\/\/www.chapelle-crecy.com\/index.php?rest_route=%2Fwp%2Fv2%2Fcategories&post=1146"},{"taxonomy":"post_tag","embeddable":true,"href":"http:\/\/www.chapelle-crecy.com\/index.php?rest_route=%2Fwp%2Fv2%2Ftags&post=1146"}],"curies":[{"name":"wp","href":"https:\/\/api.w.org\/{rel}","templated":true}]}}