{"id":1147,"date":"2018-05-18T13:44:39","date_gmt":"2018-05-18T13:44:39","guid":{"rendered":""},"modified":"-0001-11-30T00:00:00","modified_gmt":"-0001-11-29T22:00:00","slug":"","status":"publish","type":"post","link":"http:\/\/www.chapelle-crecy.com\/?p=1147","title":{"rendered":"Projection \u00ab\u00a0exclusive\u00a0\u00bb au tarif de 5 euros le lundi 28 mai \u00e0\u00a0 19h30"},"content":{"rendered":"<div align=\"justify\">\n<div align=\"center\">\n<div id='blogvision'>    <iframe src='http:\/\/www.allocine.fr\/_video\/iblogvision.aspx?cmedia=19576162' style='width:480px; height:270px'>    <\/iframe><br \/>\n                            Cliquez sur le triangle \u00ab\u00a0D\u00e9marrer\u00a0\u00bb pour lancer la bande-annonce du film.<\/div>\n<\/div>\n<p>Comme pour la s\u00e9ance de \u00ab\u00a0J\u00e9sus l&rsquo;enqu\u00eate\u00a0\u00bb du 13 avril dernier o\u00f9 la grande salle du Majestic de Meaux \u00e9tait comble, pour cette projection du lundi 28 mai, les places sont \u00e0\u00a0 retirer sur place le soir-m\u00eame, au tarif unique de 5 euros.<br \/>\nDe quoi s&rsquo;agit-il?<br \/>\nJacques, grand reporter pour un quotidien fran\u00e7ais re\u00e7oit un jour un myst\u00e9rieux coup de t\u00e9l\u00e9phone du Vatican. Dans une petite ville du sud-est de la France une jeune fille de 18 ans a affirm\u00e9 avoir eu une apparition de la Vierge Marie. La rumeur s&rsquo;est vite r\u00e9pandue et le ph\u00e9nom\u00e8ne a pris une telle ampleur que des milliers de p\u00e8lerins viennent d\u00e9sormais se recueillir sur le lieu des apparitions pr\u00e9sum\u00e9es. Jacques qui n&rsquo;a rien \u00e0\u00a0 voir avec ce monde-l\u00e0\u00a0 accepte de faire partie d&rsquo;une commission d&rsquo;enqu\u00eate charg\u00e9e de faire la lumi\u00e8re sur ces \u00e9v\u00e8nements.<\/p>\n<p>Nous vous attendons nombreux, pour cette soir\u00e9e d&rsquo;exception !!!<\/p>\n<p>PS : d&rsquo;autres s\u00e9ances seront propos\u00e9es du 23 au 29 mai au plein tarif <\/p>\n<\/div>\n","protected":false},"excerpt":{"rendered":"<p>Cliquez sur le triangle \u00ab\u00a0D\u00e9marrer\u00a0\u00bb pour lancer la bande-annonce du film. Comme pour la s\u00e9ance de \u00ab\u00a0J\u00e9sus l&rsquo;enqu\u00eate\u00a0\u00bb du 13 avril dernier o\u00f9 la grande salle du Majestic de Meaux \u00e9tait comble, pour cette&#46;&#46;&#46;<\/p>\n","protected":false},"author":2,"featured_media":0,"comment_status":"open","ping_status":"open","sticky":false,"template":"","format":"standard","meta":{"footnotes":""},"categories":[],"tags":[],"class_list":["post-1147","post","type-post","status-publish","format-standard","hentry"],"_links":{"self":[{"href":"http:\/\/www.chapelle-crecy.com\/index.php?rest_route=\/wp\/v2\/posts\/1147","targetHints":{"allow":["GET"]}}],"collection":[{"href":"http:\/\/www.chapelle-crecy.com\/index.php?rest_route=\/wp\/v2\/posts"}],"about":[{"href":"http:\/\/www.chapelle-crecy.com\/index.php?rest_route=\/wp\/v2\/types\/post"}],"author":[{"embeddable":true,"href":"http:\/\/www.chapelle-crecy.com\/index.php?rest_route=\/wp\/v2\/users\/2"}],"replies":[{"embeddable":true,"href":"http:\/\/www.chapelle-crecy.com\/index.php?rest_route=%2Fwp%2Fv2%2Fcomments&post=1147"}],"version-history":[{"count":0,"href":"http:\/\/www.chapelle-crecy.com\/index.php?rest_route=\/wp\/v2\/posts\/1147\/revisions"}],"wp:attachment":[{"href":"http:\/\/www.chapelle-crecy.com\/index.php?rest_route=%2Fwp%2Fv2%2Fmedia&parent=1147"}],"wp:term":[{"taxonomy":"category","embeddable":true,"href":"http:\/\/www.chapelle-crecy.com\/index.php?rest_route=%2Fwp%2Fv2%2Fcategories&post=1147"},{"taxonomy":"post_tag","embeddable":true,"href":"http:\/\/www.chapelle-crecy.com\/index.php?rest_route=%2Fwp%2Fv2%2Ftags&post=1147"}],"curies":[{"name":"wp","href":"https:\/\/api.w.org\/{rel}","templated":true}]}}