{"id":1148,"date":"2018-05-18T07:30:00","date_gmt":"2018-05-18T07:30:00","guid":{"rendered":""},"modified":"-0001-11-30T00:00:00","modified_gmt":"-0001-11-29T22:00:00","slug":"","status":"publish","type":"post","link":"http:\/\/www.chapelle-crecy.com\/?p=1148","title":{"rendered":"Concert \u00e0\u00a0 la coll\u00e9giale le 3 juin 2018"},"content":{"rendered":"<div align=\"center\">\nConcert du Choeur des Kouban issue des Choeurs de l&rsquo;Arm\u00e9e Rouge qui sera pr\u00e9c\u00e9d\u00e9 en premi\u00e8re partie par le Petit choeur du Grand Morin.<br \/>\nPr\u00e9-vente sur le site ou \u00e0\u00a0 la Librairie \u00e0\u00a0 Cr\u00e9cy 18 \u201a\u00ac au lieu de 20 \u201a\u00ac le jour du Concert.<br \/>\n<img decoding=\"async\" src=\"\/IMG\/jpg\/kouban.jpg\"><\/div>\n","protected":false},"excerpt":{"rendered":"<p>Concert du Choeur des Kouban issue des Choeurs de l&rsquo;Arm\u00e9e Rouge qui sera pr\u00e9c\u00e9d\u00e9 en premi\u00e8re partie par le Petit choeur du Grand Morin. Pr\u00e9-vente sur le site ou \u00e0\u00a0 la Librairie \u00e0\u00a0 Cr\u00e9cy&#46;&#46;&#46;<\/p>\n","protected":false},"author":2,"featured_media":0,"comment_status":"open","ping_status":"open","sticky":false,"template":"","format":"standard","meta":{"footnotes":""},"categories":[],"tags":[],"class_list":["post-1148","post","type-post","status-publish","format-standard","hentry"],"_links":{"self":[{"href":"http:\/\/www.chapelle-crecy.com\/index.php?rest_route=\/wp\/v2\/posts\/1148","targetHints":{"allow":["GET"]}}],"collection":[{"href":"http:\/\/www.chapelle-crecy.com\/index.php?rest_route=\/wp\/v2\/posts"}],"about":[{"href":"http:\/\/www.chapelle-crecy.com\/index.php?rest_route=\/wp\/v2\/types\/post"}],"author":[{"embeddable":true,"href":"http:\/\/www.chapelle-crecy.com\/index.php?rest_route=\/wp\/v2\/users\/2"}],"replies":[{"embeddable":true,"href":"http:\/\/www.chapelle-crecy.com\/index.php?rest_route=%2Fwp%2Fv2%2Fcomments&post=1148"}],"version-history":[{"count":0,"href":"http:\/\/www.chapelle-crecy.com\/index.php?rest_route=\/wp\/v2\/posts\/1148\/revisions"}],"wp:attachment":[{"href":"http:\/\/www.chapelle-crecy.com\/index.php?rest_route=%2Fwp%2Fv2%2Fmedia&parent=1148"}],"wp:term":[{"taxonomy":"category","embeddable":true,"href":"http:\/\/www.chapelle-crecy.com\/index.php?rest_route=%2Fwp%2Fv2%2Fcategories&post=1148"},{"taxonomy":"post_tag","embeddable":true,"href":"http:\/\/www.chapelle-crecy.com\/index.php?rest_route=%2Fwp%2Fv2%2Ftags&post=1148"}],"curies":[{"name":"wp","href":"https:\/\/api.w.org\/{rel}","templated":true}]}}