{"id":1149,"date":"2018-05-18T16:15:01","date_gmt":"2018-05-18T16:15:01","guid":{"rendered":""},"modified":"-0001-11-30T00:00:00","modified_gmt":"-0001-11-29T22:00:00","slug":"","status":"publish","type":"post","link":"http:\/\/www.chapelle-crecy.com\/?p=1149","title":{"rendered":"Annonces du 19 au 27 mai 2018"},"content":{"rendered":"<div align=\"justify\">Voici les annonces de la p\u00e9riode du samedi 19 au dimanche 27 mai 2018 pour la paroisse des 3 clochers Cr\u00e9cy-la-Chapelle, Villiers-sur-Morin, Voulangis. <\/p>\n<p>Samedi 19 \u00e0\u00a0 18 h 30, messe \u00e0\u00a0 Villiers, <br \/>\nDimanche 20 \u00e0\u00a0 10 h 30, messe \u00e0\u00a0 la coll\u00e9giale.  Profession de foi<br \/> <br \/>\nSamedi 26 \u00e0\u00a0 18 h 30, messe \u00e0\u00a0 Voulangis, <br \/>\nDimanche 27 \u00e0\u00a0 10 h 30, messe \u00e0\u00a0 la coll\u00e9giale.  Premi\u00e8re communion<\/p>\n<p>Tous les d\u00e9tails dans la suite &#8230;\n<\/p><\/div>\n<div align=\"center\">\n<table bgcolor =\"F0FAFA\" border=0>\n<tbody>\n<tr>\n<td width=400><font color=\"678060\"><\/p>\n<div align=\"center\">\n<b>Samedi 19 mai<\/b><br \/>\n<i>Saint Yves<\/i><br \/>\n18 h 30 &#8211; Messe \u00e0 Villiers pour Jean ROSIER.<br \/>\n20 h &#8211; Veill\u00e9e de Profession de Foi \u00e0 Voulangis.<\/p>\n<p><b>Dimanche 20 mai<\/b> <br \/> <br \/>\n<i>Solennit\u00e9 de la Pentecote<\/i><br \/>\n10 h 30 &#8211; Messe \u00e0 la coll\u00e9giale. Profession de Foi.<br \/>\nMesse c\u00e9l\u00e9br\u00e9e pour Edmond AGBODJOGBE  et les \u00e2me du Purgatoire.\n<\/div>\n<p><\/font><\/td>\n<td><font color=\"678060\"><\/p>\n<div align=\"center\"><img decoding=\"async\" src=\"\/IMG\/personnes\/yves.jpg\" width=200><br \/><i>Saint Yves<\/i><\/div>\n<p><\/font><\/td>\n<\/tr>\n<\/tbody>\n<\/table>\n<p><\/p>\n<table bgcolor =\"FFF6F0\" border=0>\n<tbody>\n<tr>\n<td><font color=\"00CC00\"><\/p>\n<div align=\"center\"><img decoding=\"async\" src=\"\/IMG\/personnes\/constantin.jpg\" width=200><br \/>\n<i>Saint Constantin<\/i><\/div>\n<p><\/font><\/td>\n<td width=400><font color=\"00CC00\"><\/p>\n<div align=\"center\">\n<b>Lundi 21 mai<\/b> <br \/> <br \/>\n<i>Saint Constantin<\/i><br \/>\n17 h &#8211; C\u00e9l\u00e9bration \u00e0 la Maison de Retraite.<\/p>\n<p><b>Mardi 22 mai<\/b><br \/>\n15 h &#8211; \u00e0 Cr\u00e9cy : Obs\u00e8ques de Brigitte VALLEE<br \/>\n18 h &#8211; Messe \u00e0 Cr\u00e9cy.\n<\/div>\n<p><\/font><\/td>\n<\/tr>\n<\/tbody>\n<\/table>\n<p> <\/p>\n<table bgcolor =\"F0F0FF\" border=0>\n<tbody>\n<tr>\n<td width=400><font color=\"678060\"><\/p>\n<div align=\"center\">\n<b>Mercredi 23 mai<\/b><br \/>\n<i>Saint Didier<\/i><br \/>\n9 h &#8211; Messe \u00e0 Cr\u00e9cy.<\/p>\n<p><b>Jeudi 24 mai<\/b><br \/>\n15 h &#8211; \u00e0 Cr\u00e9cy, obs\u00e8ques de Patrick LANDRIN.<\/p>\n<p><b>Vendredi 25 mai<\/b><br \/>\n9 h &#8211; Messe \u00e0 Cr\u00e9cy.<br \/>\n15 h &#8211; A Voulangis, obs\u00e8ques de Genevi\u00e8ve GAILLARD n\u00e9e VAN DER COELDEN.\n<\/div>\n<p><\/font><\/td>\n<td><font color=\"678060\"><\/p>\n<div align=\"center\"><img decoding=\"async\" src=\"\/IMG\/personnes\/didier.jpg\" width=200><br \/><i>Saint Didier<\/i><\/div>\n<p><\/font><\/td>\n<\/tr>\n<\/tbody>\n<\/table>\n<p> <\/p>\n<table bgcolor =\"F0FAFA\" border=0>\n<tbody>\n<tr>\n<td><font color=\"678060\"><\/p>\n<div align=\"center\"><img decoding=\"async\" src=\"\/IMG\/personnes\/augustin_cantorbery.jpg\" width=200><br \/><i>Saint Augustin Cantorbery<\/i><\/div>\n<p><\/font><\/td>\n<td width=400><font color=\"678060\"><\/p>\n<div align=\"center\">\n<b>Samedi 26 mai<\/b><br \/>\n14 h &#8211; \u00e0 la Coll\u00e9giale : mariage de Vincent RAUDE-LEROY et  Sophie PLUMEREAU.<br \/>\n16 h &#8211; \u00e0 Voulangis : mariage de Dylan LAHAYE et Ir\u00e8ne TRAVET.<br \/>\n18 h 30 &#8211; Messe \u00e0  Voulangis &#8211; Bapt\u00eame d&rsquo;Emmy MARTINS<\/p>\n<p><b>Dimanche 27 mai<\/b> <br \/> <br \/>\n<i>Saint Augustin Cantorbery<\/i><br \/>\n<i>Solennit\u00e9 de la Sainte TRINITE<\/i><br \/>\nC\u00e9l\u00e9bration de la PREMIERE COMMUNION<br \/>\n<br \/>\n10 h 30 &#8211; Messe \u00e0 la coll\u00e9giale c\u00e9l\u00e9br\u00e9e pour la famille DUMOULIN-TOUQUET et R\u00e9gine MEUNIER.\n<\/div>\n<p><\/font><\/td>\n<\/tr>\n<\/tbody>\n<\/table>\n<\/div>\n","protected":false},"excerpt":{"rendered":"<p>Voici les annonces de la p\u00e9riode du samedi 19 au dimanche 27 mai 2018 pour la paroisse des 3 clochers Cr\u00e9cy-la-Chapelle, Villiers-sur-Morin, Voulangis. Samedi 19 \u00e0\u00a0 18 h 30, messe \u00e0\u00a0 Villiers, Dimanche 20&#46;&#46;&#46;<\/p>\n","protected":false},"author":2,"featured_media":0,"comment_status":"open","ping_status":"open","sticky":false,"template":"","format":"standard","meta":{"footnotes":""},"categories":[],"tags":[],"class_list":["post-1149","post","type-post","status-publish","format-standard","hentry"],"_links":{"self":[{"href":"http:\/\/www.chapelle-crecy.com\/index.php?rest_route=\/wp\/v2\/posts\/1149","targetHints":{"allow":["GET"]}}],"collection":[{"href":"http:\/\/www.chapelle-crecy.com\/index.php?rest_route=\/wp\/v2\/posts"}],"about":[{"href":"http:\/\/www.chapelle-crecy.com\/index.php?rest_route=\/wp\/v2\/types\/post"}],"author":[{"embeddable":true,"href":"http:\/\/www.chapelle-crecy.com\/index.php?rest_route=\/wp\/v2\/users\/2"}],"replies":[{"embeddable":true,"href":"http:\/\/www.chapelle-crecy.com\/index.php?rest_route=%2Fwp%2Fv2%2Fcomments&post=1149"}],"version-history":[{"count":0,"href":"http:\/\/www.chapelle-crecy.com\/index.php?rest_route=\/wp\/v2\/posts\/1149\/revisions"}],"wp:attachment":[{"href":"http:\/\/www.chapelle-crecy.com\/index.php?rest_route=%2Fwp%2Fv2%2Fmedia&parent=1149"}],"wp:term":[{"taxonomy":"category","embeddable":true,"href":"http:\/\/www.chapelle-crecy.com\/index.php?rest_route=%2Fwp%2Fv2%2Fcategories&post=1149"},{"taxonomy":"post_tag","embeddable":true,"href":"http:\/\/www.chapelle-crecy.com\/index.php?rest_route=%2Fwp%2Fv2%2Ftags&post=1149"}],"curies":[{"name":"wp","href":"https:\/\/api.w.org\/{rel}","templated":true}]}}