{"id":115,"date":"2009-05-02T18:59:42","date_gmt":"2009-05-02T18:59:42","guid":{"rendered":""},"modified":"-0001-11-30T00:00:00","modified_gmt":"-0001-11-29T22:00:00","slug":"","status":"publish","type":"post","link":"http:\/\/www.chapelle-crecy.com\/?p=115","title":{"rendered":"Annonces de la semaine du 4 au 10 mai 2009"},"content":{"rendered":"<table bgcolor =\"F0FAFF\" border=0>\n<tbody>\n<tr>\n<td>\n<div align=\"justify\">\n<div \"24\">Voici les annonces de la semaine du lundi 4 au dimanche 10 mai 2009  pour la paroisse des 3 clochers Cr\u00e9cy-la-Chapelle, Villiers-sur-Morin, Voulangis.<\/p><\/div>\n<\/div>\n<\/td>\n<\/tr>\n<\/tbody>\n<\/table>\n<div align=\"left\">\n<table bgcolor =\"F0FAFF\" border=1>\n<tbody>\n<tr>\n<td width=120><font color=\"0020FF\">Lundi 4 mai<\/font><\/td>\n<td ><font color=\"0020FF\">9h : Messe \u00e0 Cr\u00e9cy pour la famille THION- MUNIER<br \/>14 h 30  R\u00e9union de  l&rsquo;\u00e9quipe du Rosaire chez Mme LOUIS<br \/>20 h 30  R\u00e9union de l&rsquo;Equipe d&rsquo;Animation Pastorale au presbyt\u00e8re<br \/>\n<\/font><\/td>\n<\/tr>\n<tr>\n<td><font color=\"0020FF\">Mardi 5 mai<\/font><\/td>\n<td><font color=\"0020FF\">17 h &#8211;  Messe \u00e0 la Maison de Retraite c\u00e9l\u00e9br\u00e9e pour Gilberte TASSAN<\/font><\/td>\n<\/tr>\n<tr>\n<td><font color=\"0020FF\">Mercredi 6 mai<\/font><\/td>\n<td><font color=\"0020FF\">9 h &#8211;  Messe \u00e0 Cr\u00e9cy pour Mathias CURIC<br \/>20 h 30  R\u00e9union des parents des enfants de 4e ann\u00e9e de Cat\u00e9ch\u00e8se<\/font><\/td>\n<\/tr>\n<tr>\n<td><font color=\"0020FF\">Jeudi 7 mai<\/font><\/td>\n<td><font color=\"0020FF\"> 15 h &#8211;  Obs\u00e8ques d&rsquo;Estelle HUYGUE \u00e0 Cr\u00e9cy <br \/>(maman de Jean-Marc HUYGUE)<\/font><\/td>\n<\/tr>\n<tr>\n<td><font color=\"0020FF\">Vendredi 8 mai<\/font><\/td>\n<td><font color=\"0020FF\">11h &#8211; Messe \u00e0 Cr\u00e9cy pour les Anciens Combattants, pr\u00e9sid\u00e9e par le <b>P\u00e8re Philippe LEGRAND<\/b>, cur\u00e9 du p\u00f4le de Meaux. Cette messe sera suivie d&rsquo;une c\u00e9r\u00e9monie au monument aux morts.<\/font><\/td>\n<\/tr>\n<tr>\n<td><font color=\"0020FF\">Samedi 9 mai<\/font><\/td>\n<td><font color=\"0020FF\">11 h  Bapt\u00eame  \u00e0 Cr\u00e9cy d&rsquo; Enola LORANDEAU<br \/>18 h 30  Messe \u00e0 Voulangis pour la famille BOUCHET<\/font><\/td>\n<\/tr>\n<tr>\n<td><font color=\"0020FF\">Dimanche 10 mai<\/font><\/td>\n<td><font color=\"0020FF\">10 h 30 &#8211;  Messe \u00e0 Cr\u00e9cy pour Maurice MOTET<br \/>Bapt\u00eame de Th\u00e9o DECOUTTERE<\/font><\/td>\n<\/tr>\n<\/tbody>\n<\/table>\n<\/div>\n","protected":false},"excerpt":{"rendered":"<p>Voici les annonces de la semaine du lundi 4 au dimanche 10 mai 2009 pour la paroisse des 3 clochers Cr\u00e9cy-la-Chapelle, Villiers-sur-Morin, Voulangis. Lundi 4 mai 9h : Messe \u00e0 Cr\u00e9cy pour la famille&#46;&#46;&#46;<\/p>\n","protected":false},"author":2,"featured_media":0,"comment_status":"open","ping_status":"open","sticky":false,"template":"","format":"standard","meta":{"footnotes":""},"categories":[],"tags":[],"class_list":["post-115","post","type-post","status-publish","format-standard","hentry"],"_links":{"self":[{"href":"http:\/\/www.chapelle-crecy.com\/index.php?rest_route=\/wp\/v2\/posts\/115","targetHints":{"allow":["GET"]}}],"collection":[{"href":"http:\/\/www.chapelle-crecy.com\/index.php?rest_route=\/wp\/v2\/posts"}],"about":[{"href":"http:\/\/www.chapelle-crecy.com\/index.php?rest_route=\/wp\/v2\/types\/post"}],"author":[{"embeddable":true,"href":"http:\/\/www.chapelle-crecy.com\/index.php?rest_route=\/wp\/v2\/users\/2"}],"replies":[{"embeddable":true,"href":"http:\/\/www.chapelle-crecy.com\/index.php?rest_route=%2Fwp%2Fv2%2Fcomments&post=115"}],"version-history":[{"count":0,"href":"http:\/\/www.chapelle-crecy.com\/index.php?rest_route=\/wp\/v2\/posts\/115\/revisions"}],"wp:attachment":[{"href":"http:\/\/www.chapelle-crecy.com\/index.php?rest_route=%2Fwp%2Fv2%2Fmedia&parent=115"}],"wp:term":[{"taxonomy":"category","embeddable":true,"href":"http:\/\/www.chapelle-crecy.com\/index.php?rest_route=%2Fwp%2Fv2%2Fcategories&post=115"},{"taxonomy":"post_tag","embeddable":true,"href":"http:\/\/www.chapelle-crecy.com\/index.php?rest_route=%2Fwp%2Fv2%2Ftags&post=115"}],"curies":[{"name":"wp","href":"https:\/\/api.w.org\/{rel}","templated":true}]}}